{"id":71,"date":"2023-12-07T10:12:00","date_gmt":"2023-12-07T09:12:00","guid":{"rendered":"http:\/\/demo.thimpress.com\/eduma\/?p=71"},"modified":"2024-11-14T23:06:11","modified_gmt":"2024-11-14T22:06:11","slug":"convocatoria-de-assembleia-geral","status":"publish","type":"post","link":"https:\/\/aeag.pt\/portal\/convocatoria-de-assembleia-geral\/","title":{"rendered":"Associa\u00e7\u00e3o de Pais e Encarregados de Educa\u00e7\u00e3o Convocat\u00f3ria de Assembleia Geral"},"content":{"rendered":"\t\t<div data-elementor-type=\"wp-post\" data-elementor-id=\"71\" class=\"elementor elementor-71\">\n\t\t\t\t\t\t<section class=\"elementor-section elementor-top-section elementor-element elementor-element-b503634 elementor-section-boxed elementor-section-height-default elementor-section-height-default\" data-id=\"b503634\" data-element_type=\"section\" data-e-type=\"section\">\n\t\t\t\t\t\t<div class=\"elementor-container elementor-column-gap-default\">\n\t\t\t\t\t<div class=\"elementor-column elementor-col-100 elementor-top-column elementor-element elementor-element-58458f3\" data-id=\"58458f3\" data-element_type=\"column\" data-e-type=\"column\">\n\t\t\t<div class=\"elementor-widget-wrap elementor-element-populated\">\n\t\t\t\t\t\t<div class=\"elementor-element elementor-element-a757f69 elementor-widget elementor-widget-text-editor\" data-id=\"a757f69\" data-element_type=\"widget\" data-e-type=\"widget\" data-widget_type=\"text-editor.default\">\n\t\t\t\t<div class=\"elementor-widget-container\">\n\t\t\t\t\t\t\t\t\t<p>De acordo com o artigo 12\u00ba dos Estatutos da Associa\u00e7\u00e3o de Pais e Encarregados de Educa\u00e7\u00e3o do Agrupamento de Escolas Dr. Ant\u00f3nio Granjo, convoco a Assembleia Geral Ordin\u00e1ria de s\u00f3cios da A.P.E.E.A.E.A.G. para o dia 21 de Dezembro de 2023 (Quinta-feira), pelas 18:00 horas, a realizar no Audit\u00f3rio (Pavilh\u00e3o B) da Escola Secund\u00e1ria Dr. Ant\u00f3nio Granjo, com a seguinte ordem de trabalhos:<\/p><ol><li style=\"list-style-type: none;\"><ol><li>Apresenta\u00e7\u00e3o e aprova\u00e7\u00e3o das contas relativas a\u00a0 2022\/2023.<\/li><li>\u00a0Elei\u00e7\u00e3o dos \u00f3rg\u00e3os sociais da A.P.E.E.A.E.A.G. para o ano letivo 2023\/2024.<\/li><li>Aprova\u00e7\u00e3o da ata da assembleia anterior.<\/li><\/ol><\/li><\/ol><div>Se \u00e0 hora marcada nesta convocat\u00f3ria, n\u00e3o estiver presente a maioria dos associados, a Assembleia iniciar\u00e1 os trabalhos meia hora depois da hora prevista, independentemente do n\u00famero de associados, nos termos legais previstos.<\/div><p>Aos interessados informa-se que a apresenta\u00e7\u00e3o de listas candidatas deve ser feita na secretaria da Escola Secund\u00e1ria Dr. Ant\u00f3nio Granjo, onde se encontra dispon\u00edvel toda a documenta\u00e7\u00e3o necess\u00e1ria.<\/p><p>Chaves, 7 de Dezembro de 2023<\/p><p style=\"text-align: center;\">O Presidente da Assembleia Geral<\/p><p style=\"text-align: center;\">(Jo\u00e3o Correia)<\/p>\t\t\t\t\t\t\t\t<\/div>\n\t\t\t\t<\/div>\n\t\t\t\t\t<\/div>\n\t\t<\/div>\n\t\t\t\t\t<\/div>\n\t\t<\/section>\n\t\t\t\t<section class=\"elementor-section elementor-top-section elementor-element elementor-element-f05bb34 elementor-section-boxed elementor-section-height-default elementor-section-height-default\" data-id=\"f05bb34\" data-element_type=\"section\" data-e-type=\"section\">\n\t\t\t\t\t\t<div class=\"elementor-container elementor-column-gap-default\">\n\t\t\t\t\t<div class=\"elementor-column elementor-col-100 elementor-top-column elementor-element elementor-element-51ac6ea\" data-id=\"51ac6ea\" data-element_type=\"column\" data-e-type=\"column\">\n\t\t\t<div class=\"elementor-widget-wrap elementor-element-populated\">\n\t\t\t\t\t\t<div class=\"elementor-element elementor-element-5cf073f elementor-widget elementor-widget-thim-ekits-header-info\" data-id=\"5cf073f\" data-element_type=\"widget\" data-e-type=\"widget\" data-widget_type=\"thim-ekits-header-info.default\">\n\t\t\t\t<div class=\"elementor-widget-container\">\n\t\t\t\t\t\t\t<div class=\"header-info-swapper\">\n\t\t\t<ul class=\"thim-header-info\">\n\t\t\t\t\t\t\t\t\t\t<li>\n\t\t\t\t\t\t\t\t\t\t\t\t\t\t<a href=\"https:\/\/aeag.pt\/portal\/documentos\/ARTIGOS\/Convocatoria\/Convocatoria_Ass_Geral_Dezembro_2023.pdf\" target=\"_blank\" rel=\"nofollow\">\n\t\t\t\t\t\t\t\t\t\t\t\t\t\t\t\t\t\t\t\t\t\t\t\t\t<span>\n\t\t\t\t\t\t\t\t\t<i aria-hidden=\"true\" class=\"tk tk-print\"><\/i>\t\t\t\t\t\t\t\t<\/span>\n\t\t\t\t\t\t\t\t\n\t\t\t\t\t\t\t\tLER MAIS\n\t\t\t\t\t\t\t\t\t\t\t\t\t\t\t<\/a>\n\t\t\t\t\t\t\t\t\t\t\t\t<\/li>\n\t\t\t\t\t\t\t\t\t<\/ul>\n\t\t<\/div>\n\t\t\t\t\t\t<\/div>\n\t\t\t\t<\/div>\n\t\t\t\t\t<\/div>\n\t\t<\/div>\n\t\t\t\t\t<\/div>\n\t\t<\/section>\n\t\t\t\t<\/div>\n\t\t","protected":false},"excerpt":{"rendered":"<p>&#8230; convoca a Assembleia Geral Ordin\u00e1ria de s\u00f3cios da A.P.E.E.A.E.A.G para o dia 21 de Dezembro de 2023 pelas 18:00 a realizar no Audit\u00f3rio (Pavilh\u00e3o B) da Escola Secund\u00e1ria Dr. Ant\u00f3nio Granjo.<\/p>\n","protected":false},"author":1,"featured_media":0,"comment_status":"closed","ping_status":"closed","sticky":false,"template":"","format":"standard","meta":{"footnotes":""},"categories":[63,59],"tags":[21],"class_list":["post-71","post","type-post","status-publish","format-standard","hentry","category-convocatoria","category-informacao","tag-concluido"],"_links":{"self":[{"href":"https:\/\/aeag.pt\/portal\/wp-json\/wp\/v2\/posts\/71","targetHints":{"allow":["GET"]}}],"collection":[{"href":"https:\/\/aeag.pt\/portal\/wp-json\/wp\/v2\/posts"}],"about":[{"href":"https:\/\/aeag.pt\/portal\/wp-json\/wp\/v2\/types\/post"}],"author":[{"embeddable":true,"href":"https:\/\/aeag.pt\/portal\/wp-json\/wp\/v2\/users\/1"}],"replies":[{"embeddable":true,"href":"https:\/\/aeag.pt\/portal\/wp-json\/wp\/v2\/comments?post=71"}],"version-history":[{"count":0,"href":"https:\/\/aeag.pt\/portal\/wp-json\/wp\/v2\/posts\/71\/revisions"}],"wp:attachment":[{"href":"https:\/\/aeag.pt\/portal\/wp-json\/wp\/v2\/media?parent=71"}],"wp:term":[{"taxonomy":"category","embeddable":true,"href":"https:\/\/aeag.pt\/portal\/wp-json\/wp\/v2\/categories?post=71"},{"taxonomy":"post_tag","embeddable":true,"href":"https:\/\/aeag.pt\/portal\/wp-json\/wp\/v2\/tags?post=71"}],"curies":[{"name":"wp","href":"https:\/\/api.w.org\/{rel}","templated":true}]}}