{"id":54,"date":"2023-12-27T09:52:00","date_gmt":"2023-12-27T08:52:00","guid":{"rendered":"http:\/\/demo.thimpress.com\/eduma\/?p=54"},"modified":"2025-05-19T15:08:25","modified_gmt":"2025-05-19T14:08:25","slug":"concurso-grupo-420-geografia","status":"publish","type":"post","link":"https:\/\/aeag.pt\/portal\/concurso-grupo-420-geografia\/","title":{"rendered":"Aviso de Abertura Concurso &#8211; Contrata\u00e7\u00e3o de Escola Ano Letivo 2023\/2024 &#8211; Grupo 420 \u2013 Geografia"},"content":{"rendered":"\t\t<div data-elementor-type=\"wp-post\" data-elementor-id=\"54\" class=\"elementor elementor-54\">\n\t\t\t\t\t\t<section class=\"elementor-section elementor-top-section elementor-element elementor-element-605e0e8d elementor-section-boxed elementor-section-height-default elementor-section-height-default\" data-id=\"605e0e8d\" data-element_type=\"section\" data-e-type=\"section\">\n\t\t\t\t\t\t<div class=\"elementor-container elementor-column-gap-default\">\n\t\t\t\t\t<div class=\"elementor-column elementor-col-100 elementor-top-column elementor-element elementor-element-27c00db2\" data-id=\"27c00db2\" data-element_type=\"column\" data-e-type=\"column\">\n\t\t\t<div class=\"elementor-widget-wrap elementor-element-populated\">\n\t\t\t\t\t\t<div class=\"elementor-element elementor-element-523e8bfe elementor-widget elementor-widget-text-editor\" data-id=\"523e8bfe\" data-element_type=\"widget\" data-e-type=\"widget\" data-widget_type=\"text-editor.default\">\n\t\t\t\t<div class=\"elementor-widget-container\">\n\t\t\t\t\t\t\t\t\t<p>Nos termos do estabelecido nos artigos 38\u00ba e 39\u00ba do Decreto-Lei n\u00ba. 132\/2012, de 27 de junho, com as altera\u00e7\u00f5es introduzidas pelo Decreto-Lei n\u00ba. 83-A\/2014, de 23 de maio, e pelo Decreto-Lei n\u00ba. 9\/2016, de 7 de mar\u00e7o, est\u00e1 aberto o procedimento concursal para contrata\u00e7\u00e3o de um docente para o grupo de recrutamento 420 (Geografia) para suprir as necessidades de servi\u00e7o docente, no Agrupamento de Escolas Dr. Ant\u00f3nio Granjo.<\/p><p><b>1. Modalidadedecontrato<\/b>: Contrato de trabalho a termo certo.<\/p><p><b>2. N\u00famero do hor\u00e1rio<\/b>: H50.<\/p><p><b>3. Tipo de necessidade<\/b>: Contrata\u00e7\u00e3o de docente &#8211; Grupo de recrutamento.<\/p><p><b>4. Grupo de recrutamento<\/b>: 420 (Geografia).<\/p><p><b>5. Caracteriza\u00e7\u00e3o das fun\u00e7\u00f5es a exercer<\/b>: Lecionar a disciplina de Geografia ao 3\u00ba ciclo (6horas), Cidadania e Desenvolvimento(1hora) e Dire\u00e7\u00e3o de Turma (2h).<\/p><p><b>6. Dura\u00e7\u00e3o do contrato<\/b>: termo a 31 de agosto.<\/p><p><b>7. N\u00famero de horas<\/b>: 9 horas semanais.<\/p><p><b>8. Local de trabalho<\/b>: Agrupamento de Escolas Dr. Ant\u00f3nio Granjo \u2013 Escola Secund\u00e1ria Dr. Ant\u00f3nio Granjo.<\/p><p><b>9. Requisitos de admiss\u00e3o<\/b>: Candidatos profissionalizados no grupo 420 ou, caso estes se tenham esgotado, candidatos detentores de habilita\u00e7\u00e3o pr\u00f3pria para o grupo 420. Os candidatos devem preencher a aplica\u00e7\u00e3o inform\u00e1tica disponibilizada para o efeito pela Dire\u00e7\u00e3o-Geral da Administra\u00e7\u00e3o Escolar (DGAE).<\/p><p><b>10. Crit\u00e9rios de sele\u00e7\u00e3o<\/b>:<\/p><p>A \u2013 Candidatos com Qualifica\u00e7\u00e3o Profissional: Gradua\u00e7\u00e3o Profissional;<\/p><p>B \u2013 Candidatos sem Qualifica\u00e7\u00e3o Profissional: Classifica\u00e7\u00e3o Acad\u00e9mica + 0,5 pontos por cada ano escolar\u00a0 \u00a0 \u00a0 \u00a0 \u00a0 \u00a0 \u00a0 \u00a0 \u00a0 \u00a0completo.<\/p><p>C \u2013 Para efeitos de desempate \u00e9 utilizado o previsto no n.\u00ba 2 do artigo 12.\u00ba Decreto-Lei n\u00ba 132\/2012, de 27 de\u00a0 \u00a0 \u00a0 \u00a0 \u00a0 \u00a0 \u00a0 \u00a0 junho, na reda\u00e7\u00e3o dada pelo Decreto-lei n.\u00ba 83-A\/2014;<\/p><p><b>11. Per\u00edodo de candidatura<\/b>: tr\u00eas dias \u00fateis.<\/p><p>12. Terminado o processo de sele\u00e7\u00e3o, ser\u00e1 publicada na p\u00e1gina da escola,\u00a0<a href=\"https:\/\/www.aeag.pt\" target=\"_blank\" rel=\"noopener\">www.aeag.pt<\/a>, a lista ordenada dos candidatos.<\/p>\t\t\t\t\t\t\t\t<\/div>\n\t\t\t\t<\/div>\n\t\t\t\t\t<\/div>\n\t\t<\/div>\n\t\t\t\t\t<\/div>\n\t\t<\/section>\n\t\t\t\t<section class=\"elementor-section elementor-top-section elementor-element elementor-element-d78d44d elementor-section-boxed elementor-section-height-default elementor-section-height-default\" data-id=\"d78d44d\" data-element_type=\"section\" data-e-type=\"section\">\n\t\t\t\t\t\t<div class=\"elementor-container elementor-column-gap-default\">\n\t\t\t\t\t<div class=\"elementor-column elementor-col-100 elementor-top-column elementor-element elementor-element-c4f4d13\" data-id=\"c4f4d13\" data-element_type=\"column\" data-e-type=\"column\">\n\t\t\t<div class=\"elementor-widget-wrap elementor-element-populated\">\n\t\t\t\t\t\t<div class=\"elementor-element elementor-element-9fd9a75 elementor-widget elementor-widget-thim-ekits-header-info\" data-id=\"9fd9a75\" data-element_type=\"widget\" data-e-type=\"widget\" data-widget_type=\"thim-ekits-header-info.default\">\n\t\t\t\t<div class=\"elementor-widget-container\">\n\t\t\t\t\t\t\t<div class=\"header-info-swapper\">\n\t\t\t<ul class=\"thim-header-info\">\n\t\t\t\t\t\t\t\t\t\t<li>\n\t\t\t\t\t\t\t\t\t\t\t\t\t\t<a href=\"https:\/\/aeag.pt\/portal\/documentos\/ARTIGOS\/Concursos\/AVISO_DE_ABERTURA_grupo_420_-_Geografia.pdf\" target=\"_blank\" rel=\"nofollow\">\n\t\t\t\t\t\t\t\t\t\t\t\t\t\t\t\t\t\t\t\t\t\t\t\t\t<span>\n\t\t\t\t\t\t\t\t\t<i aria-hidden=\"true\" class=\"tk tk-print\"><\/i>\t\t\t\t\t\t\t\t<\/span>\n\t\t\t\t\t\t\t\t\n\t\t\t\t\t\t\t\tLER MAIS\n\t\t\t\t\t\t\t\t\t\t\t\t\t\t\t<\/a>\n\t\t\t\t\t\t\t\t\t\t\t\t<\/li>\n\t\t\t\t\t\t\t\t\t<\/ul>\n\t\t<\/div>\n\t\t\t\t\t\t<\/div>\n\t\t\t\t<\/div>\n\t\t\t\t\t<\/div>\n\t\t<\/div>\n\t\t\t\t\t<\/div>\n\t\t<\/section>\n\t\t\t\t<\/div>\n\t\t","protected":false},"excerpt":{"rendered":"<p>Nos termos do estabelecido nos artigos 38\u00ba e 39\u00ba do Decreto-Lei n\u00ba. 132\/2012, de 27 de junho, com as altera\u00e7\u00f5es introduzidas pelo Decreto-Lei n\u00ba. 83-A\/2014, de 23 de maio, e pelo Decreto-Lei n\u00ba. 9\/2016, de 7 de mar\u00e7o, est\u00e1 aberto o procedimento concursal para contrata\u00e7\u00e3o de um docente para o &hellip; <\/p>\n","protected":false},"author":1,"featured_media":0,"comment_status":"closed","ping_status":"closed","sticky":false,"template":"","format":"image","meta":{"footnotes":""},"categories":[19,17],"tags":[21],"class_list":["post-54","post","type-post","status-publish","format-image","hentry","category-concurso","category-noticia","tag-concluido","post_format-post-format-image"],"_links":{"self":[{"href":"https:\/\/aeag.pt\/portal\/wp-json\/wp\/v2\/posts\/54","targetHints":{"allow":["GET"]}}],"collection":[{"href":"https:\/\/aeag.pt\/portal\/wp-json\/wp\/v2\/posts"}],"about":[{"href":"https:\/\/aeag.pt\/portal\/wp-json\/wp\/v2\/types\/post"}],"author":[{"embeddable":true,"href":"https:\/\/aeag.pt\/portal\/wp-json\/wp\/v2\/users\/1"}],"replies":[{"embeddable":true,"href":"https:\/\/aeag.pt\/portal\/wp-json\/wp\/v2\/comments?post=54"}],"version-history":[{"count":1,"href":"https:\/\/aeag.pt\/portal\/wp-json\/wp\/v2\/posts\/54\/revisions"}],"predecessor-version":[{"id":28950,"href":"https:\/\/aeag.pt\/portal\/wp-json\/wp\/v2\/posts\/54\/revisions\/28950"}],"wp:attachment":[{"href":"https:\/\/aeag.pt\/portal\/wp-json\/wp\/v2\/media?parent=54"}],"wp:term":[{"taxonomy":"category","embeddable":true,"href":"https:\/\/aeag.pt\/portal\/wp-json\/wp\/v2\/categories?post=54"},{"taxonomy":"post_tag","embeddable":true,"href":"https:\/\/aeag.pt\/portal\/wp-json\/wp\/v2\/tags?post=54"}],"curies":[{"name":"wp","href":"https:\/\/api.w.org\/{rel}","templated":true}]}}