{"id":4518,"date":"2024-01-03T09:58:00","date_gmt":"2024-01-03T08:58:00","guid":{"rendered":"http:\/\/educationwp.thimpress.com\/thim-3\/?p=4518"},"modified":"2025-05-19T15:08:08","modified_gmt":"2025-05-19T14:08:08","slug":"convocatoria-assembleia-geral-pais-encarregados-educacao-2024","status":"publish","type":"post","link":"https:\/\/aeag.pt\/portal\/convocatoria-assembleia-geral-pais-encarregados-educacao-2024\/","title":{"rendered":"Convocat\u00f3ria de Assembleia Geral de Pais e Encarregados de Educa\u00e7\u00e3o 2024"},"content":{"rendered":"\t\t<div data-elementor-type=\"wp-post\" data-elementor-id=\"4518\" class=\"elementor elementor-4518\">\n\t\t\t\t\t\t<section class=\"elementor-section elementor-top-section elementor-element elementor-element-1d864267 elementor-section-boxed elementor-section-height-default elementor-section-height-default\" data-id=\"1d864267\" data-element_type=\"section\" data-e-type=\"section\">\n\t\t\t\t\t\t<div class=\"elementor-container elementor-column-gap-default\">\n\t\t\t\t\t<div class=\"elementor-column elementor-col-100 elementor-top-column elementor-element elementor-element-3a450401\" data-id=\"3a450401\" data-element_type=\"column\" data-e-type=\"column\">\n\t\t\t<div class=\"elementor-widget-wrap elementor-element-populated\">\n\t\t\t\t\t\t<div class=\"elementor-element elementor-element-72780cf4 elementor-widget elementor-widget-text-editor\" data-id=\"72780cf4\" data-element_type=\"widget\" data-e-type=\"widget\" data-widget_type=\"text-editor.default\">\n\t\t\t\t<div class=\"elementor-widget-container\">\n\t\t\t\t\t\t\t\t\tDe acordo com o artigo 14\u00ba do Decreto-Lei n\u00ba 75\/200, de 22 de Abril, convoco a Assembleia Geral de Pais e Encarregados de Educa\u00e7\u00e3o do Agrupamento de Escolas Dr. Ant\u00f3nio Granjo, para o dia 18 de Janeiro de 2024 (Quinta-feira), pelas 18:00 horas, a realizar no Audit\u00f3rio (Pavilh\u00e3o B) da Escola Secund\u00e1ria Dr. Ant\u00f3nio Granjo, com a seguinte ordem de trabalho:\n<ol>\n \t<li>Elei\u00e7\u00e3o dos representantes dos pais e encarregados de educa\u00e7\u00e3o no Conselho Geral do Agrupamento de Escolas Dr. Ant\u00f3nio Granjo para os anos letivos 2023\/2024 e 2024\/2025.<\/li>\n<\/ol>\nSe \u00e0 hora marcada nesta convovat\u00f3ria, n\u00e3o estiver presente a maioria dos pais e encarregados de\u00a0 educa\u00e7\u00e3o do Agrupamento de escolas, a Assembleia iniciar\u00e1 os trabalhos meia hora depois da hora prevista, independentemente do n\u00famero de pais e encarregados de educa\u00e7\u00e3o, nos termos legais previstos.\n\nChaves, 3 de Janeiro de 2024\n<p style=\"text-align: center;\">O Presidente da Associa\u00e7\u00e3o de Pais e Encarregados de Educa\u00e7\u00e3o\ndo Agrupamento de Escolas Dr. Ant\u00f3nio Granjo<\/p>\n<p style=\"text-align: center;\">(Francisco Amaro)<\/p><\/div><\/div><\/div><\/div><\/div><\/section><\/div> <a href=\"https:\/\/aeag.pt\/portal\/convocatoria-assembleia-geral-pais-encarregados-educacao-2024\/#more-4518\" class=\"more-link elementor-more-link\"><span aria-label=\"Continue a ler Convocat\u00f3ria de Assembleia Geral de Pais e Encarregados de Educa\u00e7\u00e3o 2024\">(mais&hellip;)<\/span><\/a>","protected":false},"excerpt":{"rendered":"<p>De acordo com o artigo 14\u00ba do Decreto-Lei n\u00ba 75\/200, de 22 de Abril, convoco a Assembleia Geral de Pais e Encarregados de Educa\u00e7\u00e3o do Agrupamento de Escolas Dr. Ant\u00f3nio Granjo, para o dia 18 de Janeiro de 2024 (Quinta-feira), pelas 18:00 horas, a realizar no Audit\u00f3rio (Pavilh\u00e3o B) da &hellip; <\/p>\n","protected":false},"author":1,"featured_media":0,"comment_status":"closed","ping_status":"closed","sticky":false,"template":"","format":"image","meta":{"footnotes":""},"categories":[63,17],"tags":[20],"class_list":["post-4518","post","type-post","status-publish","format-image","hentry","category-convocatoria","category-noticia","tag-ativo","post_format-post-format-image"],"_links":{"self":[{"href":"https:\/\/aeag.pt\/portal\/wp-json\/wp\/v2\/posts\/4518","targetHints":{"allow":["GET"]}}],"collection":[{"href":"https:\/\/aeag.pt\/portal\/wp-json\/wp\/v2\/posts"}],"about":[{"href":"https:\/\/aeag.pt\/portal\/wp-json\/wp\/v2\/types\/post"}],"author":[{"embeddable":true,"href":"https:\/\/aeag.pt\/portal\/wp-json\/wp\/v2\/users\/1"}],"replies":[{"embeddable":true,"href":"https:\/\/aeag.pt\/portal\/wp-json\/wp\/v2\/comments?post=4518"}],"version-history":[{"count":1,"href":"https:\/\/aeag.pt\/portal\/wp-json\/wp\/v2\/posts\/4518\/revisions"}],"predecessor-version":[{"id":28949,"href":"https:\/\/aeag.pt\/portal\/wp-json\/wp\/v2\/posts\/4518\/revisions\/28949"}],"wp:attachment":[{"href":"https:\/\/aeag.pt\/portal\/wp-json\/wp\/v2\/media?parent=4518"}],"wp:term":[{"taxonomy":"category","embeddable":true,"href":"https:\/\/aeag.pt\/portal\/wp-json\/wp\/v2\/categories?post=4518"},{"taxonomy":"post_tag","embeddable":true,"href":"https:\/\/aeag.pt\/portal\/wp-json\/wp\/v2\/tags?post=4518"}],"curies":[{"name":"wp","href":"https:\/\/api.w.org\/{rel}","templated":true}]}}