{"id":4515,"date":"2023-12-03T09:02:00","date_gmt":"2023-12-03T08:02:00","guid":{"rendered":"http:\/\/educationwp.thimpress.com\/thim-3\/?p=4515"},"modified":"2024-11-14T23:15:34","modified_gmt":"2024-11-14T22:15:34","slug":"informacao-dezembro","status":"publish","type":"post","link":"https:\/\/aeag.pt\/portal\/informacao-dezembro\/","title":{"rendered":"Informa\u00e7\u00e3o &#8211; Dezembro"},"content":{"rendered":"\t\t<div data-elementor-type=\"wp-post\" data-elementor-id=\"4515\" class=\"elementor elementor-4515\">\n\t\t\t\t<div class=\"elementor-element elementor-element-1811a56e e-flex e-con-boxed e-con e-parent\" data-id=\"1811a56e\" data-element_type=\"container\" data-e-type=\"container\">\n\t\t\t\t\t<div class=\"e-con-inner\">\n\t\t\t\t<div class=\"elementor-element elementor-element-f3c11ba elementor-widget thim-ekits-heading elementor-widget-thim-heading\" data-id=\"f3c11ba\" data-element_type=\"widget\" data-e-type=\"widget\" data-widget_type=\"thim-heading.default\">\n\t\t\t\t<div class=\"elementor-widget-container\">\n\t\t\t\t\t<div class=\"sc_heading\"><div class=\"sub-heading\"><p>Informa-se que os servi\u00e7os administrativos da Escola Dr. Francisco Gon\u00e7alves Carneiro estar\u00e3o encerrados entre os dias 18 de dezembro e 3 de janeiro. Qualquer assunto administrativo dever\u00e1 ser tratado na\u00a0Escola Dr. Ant\u00f3nio Granjo.<\/p>\n<\/div><\/div>\t\t\t\t<\/div>\n\t\t\t\t<\/div>\n\t\t\t\t\t<\/div>\n\t\t\t\t<\/div>\n\t\t\t\t<\/div>\n\t\t","protected":false},"excerpt":{"rendered":"<p>Informa-se que os servi\u00e7os administrativos da Escola Dr. Francisco Gon\u00e7alves Carneiro estar\u00e3o encerrados entre os dias 18 de dezembro e 3 de janeiro. Qualquer assunto administrativo dever\u00e1 ser tratado na\u00a0Escola Dr. Ant\u00f3nio Granjo.<\/p>\n","protected":false},"author":1,"featured_media":0,"comment_status":"open","ping_status":"closed","sticky":false,"template":"","format":"aside","meta":{"footnotes":""},"categories":[59],"tags":[21],"class_list":["post-4515","post","type-post","status-publish","format-aside","hentry","category-informacao","tag-concluido","post_format-post-format-aside"],"_links":{"self":[{"href":"https:\/\/aeag.pt\/portal\/wp-json\/wp\/v2\/posts\/4515","targetHints":{"allow":["GET"]}}],"collection":[{"href":"https:\/\/aeag.pt\/portal\/wp-json\/wp\/v2\/posts"}],"about":[{"href":"https:\/\/aeag.pt\/portal\/wp-json\/wp\/v2\/types\/post"}],"author":[{"embeddable":true,"href":"https:\/\/aeag.pt\/portal\/wp-json\/wp\/v2\/users\/1"}],"replies":[{"embeddable":true,"href":"https:\/\/aeag.pt\/portal\/wp-json\/wp\/v2\/comments?post=4515"}],"version-history":[{"count":0,"href":"https:\/\/aeag.pt\/portal\/wp-json\/wp\/v2\/posts\/4515\/revisions"}],"wp:attachment":[{"href":"https:\/\/aeag.pt\/portal\/wp-json\/wp\/v2\/media?parent=4515"}],"wp:term":[{"taxonomy":"category","embeddable":true,"href":"https:\/\/aeag.pt\/portal\/wp-json\/wp\/v2\/categories?post=4515"},{"taxonomy":"post_tag","embeddable":true,"href":"https:\/\/aeag.pt\/portal\/wp-json\/wp\/v2\/tags?post=4515"}],"curies":[{"name":"wp","href":"https:\/\/api.w.org\/{rel}","templated":true}]}}