{"id":31713,"date":"2026-09-02T17:56:39","date_gmt":"2026-09-02T16:56:39","guid":{"rendered":"https:\/\/aeag.pt\/portal\/?p=31713"},"modified":"2026-09-02T18:56:53","modified_gmt":"2026-09-02T17:56:53","slug":"iv-encontro-de-ciencia-em-chaves-2","status":"publish","type":"post","link":"https:\/\/aeag.pt\/portal\/iv-encontro-de-ciencia-em-chaves-2\/","title":{"rendered":"IV Encontro de Ci\u00eancia em Chaves"},"content":{"rendered":"\t\t<div data-elementor-type=\"wp-post\" data-elementor-id=\"31713\" class=\"elementor elementor-31713\">\n\t\t\t\t\t\t<section class=\"elementor-section elementor-top-section elementor-element elementor-element-386b06a elementor-section-boxed elementor-section-height-default elementor-section-height-default\" data-id=\"386b06a\" data-element_type=\"section\" data-e-type=\"section\">\n\t\t\t\t\t\t<div class=\"elementor-container elementor-column-gap-default\">\n\t\t\t\t\t<div class=\"elementor-column elementor-col-100 elementor-top-column elementor-element elementor-element-03533db\" data-id=\"03533db\" data-element_type=\"column\" data-e-type=\"column\">\n\t\t\t<div class=\"elementor-widget-wrap elementor-element-populated\">\n\t\t\t\t\t\t<div class=\"elementor-element elementor-element-eb04819 elementor-widget thim-ekits-heading elementor-widget-thim-heading\" data-id=\"eb04819\" data-element_type=\"widget\" data-e-type=\"widget\" data-widget_type=\"thim-heading.default\">\n\t\t\t\t<div class=\"elementor-widget-container\">\n\t\t\t\t\t<div class=\"sc_heading\"><div class=\"sub-heading\"><p>Realiza-se nos dias 9 e 10 de outubro de 2026, no Aquanatur Palace, em Chaves, o IV Encontro de Ci\u00eancia Maria Alves & Pedro Paiva, subordinado ao tema \u201cCi\u00eancia em Di\u00e1logo \u2013 aberto \u00e0 comunidade\u201d.<\/p>\n<p>O encontro re\u00fane investigadores, especialistas, jornalistas e escritores de diversas \u00e1reas, promovendo a reflex\u00e3o e o di\u00e1logo sobre temas como Sa\u00fade Mental, Era Digital & Intelig\u00eancia Artificial, Depend\u00eancias Longevidade, Microorganismos, Medicina & Artes & Sat\u00e9lites, Biodiversidade, Territ\u00f3rio, Sociedade.<\/p>\n<p>As inscri\u00e7\u00f5es est\u00e3o abertas no website do encontro.<\/p>\n<\/div><\/div>\t\t\t\t<\/div>\n\t\t\t\t<\/div>\n\t\t\t\t<div class=\"elementor-element elementor-element-7fe5385 elementor-widget elementor-widget-image\" data-id=\"7fe5385\" data-element_type=\"widget\" data-e-type=\"widget\" data-widget_type=\"image.default\">\n\t\t\t\t<div class=\"elementor-widget-container\">\n\t\t\t\t\t\t\t\t\t\t\t\t\t\t\t<img fetchpriority=\"high\" decoding=\"async\" width=\"640\" height=\"640\" src=\"https:\/\/aeag.pt\/portal\/wp-content\/uploads\/2026\/09\/IV-encontro-1024x1024.jpg\" class=\"attachment-large size-large wp-image-31732\" alt=\"\" srcset=\"https:\/\/aeag.pt\/portal\/wp-content\/uploads\/2026\/09\/IV-encontro-1024x1024.jpg 1024w, https:\/\/aeag.pt\/portal\/wp-content\/uploads\/2026\/09\/IV-encontro-300x300.jpg 300w, https:\/\/aeag.pt\/portal\/wp-content\/uploads\/2026\/09\/IV-encontro-150x150.jpg 150w, https:\/\/aeag.pt\/portal\/wp-content\/uploads\/2026\/09\/IV-encontro-768x768.jpg 768w, https:\/\/aeag.pt\/portal\/wp-content\/uploads\/2026\/09\/IV-encontro-450x450.jpg 450w, https:\/\/aeag.pt\/portal\/wp-content\/uploads\/2026\/09\/IV-encontro-100x100.jpg 100w, https:\/\/aeag.pt\/portal\/wp-content\/uploads\/2026\/09\/IV-encontro.jpg 1134w\" sizes=\"(max-width: 640px) 100vw, 640px\" \/>\t\t\t\t\t\t\t\t\t\t\t\t\t\t\t<\/div>\n\t\t\t\t<\/div>\n\t\t\t\t\t<\/div>\n\t\t<\/div>\n\t\t\t\t\t<\/div>\n\t\t<\/section>\n\t\t\t\t<\/div>\n\t\t","protected":false},"excerpt":{"rendered":"<p>Realiza-se nos dias 9 e 10 de outubro de 2026, no Aquanatur Palace, em Chaves, o IV Encontro de Ci\u00eancia Maria Alves &#038; Pedro Paiva, subordinado ao tema \u201cCi\u00eancia em Di\u00e1logo \u2013 aberto \u00e0 comunidade\u201d.<\/p>\n","protected":false},"author":3,"featured_media":0,"comment_status":"closed","ping_status":"closed","sticky":false,"template":"","format":"standard","meta":{"footnotes":""},"categories":[61,59,17],"tags":[],"class_list":["post-31713","post","type-post","status-publish","format-standard","hentry","category-convite","category-informacao","category-noticia"],"_links":{"self":[{"href":"https:\/\/aeag.pt\/portal\/wp-json\/wp\/v2\/posts\/31713","targetHints":{"allow":["GET"]}}],"collection":[{"href":"https:\/\/aeag.pt\/portal\/wp-json\/wp\/v2\/posts"}],"about":[{"href":"https:\/\/aeag.pt\/portal\/wp-json\/wp\/v2\/types\/post"}],"author":[{"embeddable":true,"href":"https:\/\/aeag.pt\/portal\/wp-json\/wp\/v2\/users\/3"}],"replies":[{"embeddable":true,"href":"https:\/\/aeag.pt\/portal\/wp-json\/wp\/v2\/comments?post=31713"}],"version-history":[{"count":12,"href":"https:\/\/aeag.pt\/portal\/wp-json\/wp\/v2\/posts\/31713\/revisions"}],"predecessor-version":[{"id":31735,"href":"https:\/\/aeag.pt\/portal\/wp-json\/wp\/v2\/posts\/31713\/revisions\/31735"}],"wp:attachment":[{"href":"https:\/\/aeag.pt\/portal\/wp-json\/wp\/v2\/media?parent=31713"}],"wp:term":[{"taxonomy":"category","embeddable":true,"href":"https:\/\/aeag.pt\/portal\/wp-json\/wp\/v2\/categories?post=31713"},{"taxonomy":"post_tag","embeddable":true,"href":"https:\/\/aeag.pt\/portal\/wp-json\/wp\/v2\/tags?post=31713"}],"curies":[{"name":"wp","href":"https:\/\/api.w.org\/{rel}","templated":true}]}}