{"id":30080,"date":"2025-11-11T11:16:18","date_gmt":"2025-11-11T10:16:18","guid":{"rendered":"https:\/\/aeag.pt\/portal\/?p=30080"},"modified":"2025-11-11T11:18:50","modified_gmt":"2025-11-11T10:18:50","slug":"atribuicao-do-selo-escola-sem-bullying-escola-sem-violencia","status":"publish","type":"post","link":"https:\/\/aeag.pt\/portal\/atribuicao-do-selo-escola-sem-bullying-escola-sem-violencia\/","title":{"rendered":"Atribui\u00e7\u00e3o do  Selo \u201cEscola Sem Bullying | Escola Sem Viol\u00eancia\u201d"},"content":{"rendered":"\t\t<div data-elementor-type=\"wp-post\" data-elementor-id=\"30080\" class=\"elementor elementor-30080\">\n\t\t\t\t\t\t<section class=\"elementor-section elementor-top-section elementor-element elementor-element-386b06a elementor-section-boxed elementor-section-height-default elementor-section-height-default\" data-id=\"386b06a\" data-element_type=\"section\" data-e-type=\"section\">\n\t\t\t\t\t\t<div class=\"elementor-container elementor-column-gap-default\">\n\t\t\t\t\t<div class=\"elementor-column elementor-col-100 elementor-top-column elementor-element elementor-element-03533db\" data-id=\"03533db\" data-element_type=\"column\" data-e-type=\"column\">\n\t\t\t<div class=\"elementor-widget-wrap elementor-element-populated\">\n\t\t\t\t\t\t<div class=\"elementor-element elementor-element-5bb20d3 elementor-widget elementor-widget-image\" data-id=\"5bb20d3\" data-element_type=\"widget\" data-e-type=\"widget\" data-widget_type=\"image.default\">\n\t\t\t\t<div class=\"elementor-widget-container\">\n\t\t\t\t\t\t\t\t\t\t\t\t\t\t\t<img fetchpriority=\"high\" decoding=\"async\" width=\"640\" height=\"426\" src=\"https:\/\/aeag.pt\/portal\/wp-content\/uploads\/2025\/11\/selo_originalbullying2025-1024x682.png\" class=\"attachment-large size-large wp-image-30083\" alt=\"\" srcset=\"https:\/\/aeag.pt\/portal\/wp-content\/uploads\/2025\/11\/selo_originalbullying2025-1024x682.png 1024w, https:\/\/aeag.pt\/portal\/wp-content\/uploads\/2025\/11\/selo_originalbullying2025-300x200.png 300w, https:\/\/aeag.pt\/portal\/wp-content\/uploads\/2025\/11\/selo_originalbullying2025-768x512.png 768w, https:\/\/aeag.pt\/portal\/wp-content\/uploads\/2025\/11\/selo_originalbullying2025-1536x1023.png 1536w, https:\/\/aeag.pt\/portal\/wp-content\/uploads\/2025\/11\/selo_originalbullying2025-2048x1364.png 2048w, https:\/\/aeag.pt\/portal\/wp-content\/uploads\/2025\/11\/selo_originalbullying2025-600x400.png 600w\" sizes=\"(max-width: 640px) 100vw, 640px\" \/>\t\t\t\t\t\t\t\t\t\t\t\t\t\t\t<\/div>\n\t\t\t\t<\/div>\n\t\t\t\t<div class=\"elementor-element elementor-element-2e72b77 elementor-widget thim-ekits-heading elementor-widget-thim-heading\" data-id=\"2e72b77\" data-element_type=\"widget\" data-e-type=\"widget\" data-widget_type=\"thim-heading.default\">\n\t\t\t\t<div class=\"elementor-widget-container\">\n\t\t\t\t\t<div class=\"sc_heading\"><h5 class=\"title\">O Agrupamento de Escolas Dr. Ant\u00f3nio Granjo recebeu da Dire\u00e7\u00e3o-Geral da Educa\u00e7\u00e3o o Selo \u201cEscola Sem Bullying | Escola Sem Viol\u00eancia\u201d <\/h5><div class=\"sub-heading\"><\/div><\/div>\t\t\t\t<\/div>\n\t\t\t\t<\/div>\n\t\t\t\t<div class=\"elementor-element elementor-element-eb04819 elementor-widget thim-ekits-heading elementor-widget-thim-heading\" data-id=\"eb04819\" data-element_type=\"widget\" data-e-type=\"widget\" data-widget_type=\"thim-heading.default\">\n\t\t\t\t<div class=\"elementor-widget-container\">\n\t\t\t\t\t<div class=\"sc_heading\"><div class=\"sub-heading\"><p>O Agrupamento de Escolas Dr. Ant\u00f3nio Granjo recebeu da Dire\u00e7\u00e3o-Geral da Educa\u00e7\u00e3o o Selo \u201cEscola Sem Bullying | Escola Sem Viol\u00eancia\u201d, uma distin\u00e7\u00e3o que evidencia o compromisso da comunidade escolar com a cria\u00e7\u00e3o de um ambiente educativo seguro, acolhedor e promotor do bem-estar.<br \/>\nIntegrada no Plano de Preven\u00e7\u00e3o e Combate ao Bullying e ao Ciberbullying, esta certifica\u00e7\u00e3o reconhece o percurso desenvolvido ao longo do ano letivo de 2024\/2025, marcado pela implementa\u00e7\u00e3o de iniciativas que fomentam o respeito m\u00fatuo, a empatia, a solidariedade e o exerc\u00edcio da cidadania. O envolvimento da comunidade educativa tem sido fundamental para consolidar uma cultura de paz e de conviv\u00eancia positiva no quotidiano escolar.<br \/>\nA conquista deste selo \u00e9 um sinal de reconhecimento p\u00fablico do esfor\u00e7o coletivo do Agrupamento e um est\u00edmulo \u00e0 continuidade de um trabalho atento e consistente, centrado na preven\u00e7\u00e3o, no di\u00e1logo e na valoriza\u00e7\u00e3o do bem-estar de toda a comunidade educativa.<\/p>\n<\/div><\/div>\t\t\t\t<\/div>\n\t\t\t\t<\/div>\n\t\t\t\t<div class=\"elementor-element elementor-element-bdba6bb elementor-widget thim-ekits-heading elementor-widget-thim-heading\" data-id=\"bdba6bb\" data-element_type=\"widget\" data-e-type=\"widget\" data-widget_type=\"thim-heading.default\">\n\t\t\t\t<div class=\"elementor-widget-container\">\n\t\t\t\t\t<div class=\"sc_heading\"><h5 class=\"title\">Certificado <\/h5><\/div>\t\t\t\t<\/div>\n\t\t\t\t<\/div>\n\t\t\t\t<div class=\"elementor-element elementor-element-18baeed elementor-widget elementor-widget-button\" data-id=\"18baeed\" data-element_type=\"widget\" data-e-type=\"widget\" data-widget_type=\"button.default\">\n\t\t\t\t<div class=\"elementor-widget-container\">\n\t\t\t\t\t\t\t\t\t<div class=\"elementor-button-wrapper\">\n\t\t\t\t\t<a class=\"elementor-button elementor-button-link elementor-size-sm\" href=\"https:\/\/aeag.pt\/portal\/documentos\/ARTIGOS\/informacao\/Certificado.pdf\" target=\"_blank\">\n\t\t\t\t\t\t<span class=\"elementor-button-content-wrapper\">\n\t\t\t\t\t\t<span class=\"elementor-button-icon\">\n\t\t\t\t<svg aria-hidden=\"true\" class=\"e-font-icon-svg e-fas-book-reader\" viewBox=\"0 0 512 512\" xmlns=\"http:\/\/www.w3.org\/2000\/svg\"><path d=\"M352 96c0-53.02-42.98-96-96-96s-96 42.98-96 96 42.98 96 96 96 96-42.98 96-96zM233.59 241.1c-59.33-36.32-155.43-46.3-203.79-49.05C13.55 191.13 0 203.51 0 219.14v222.8c0 14.33 11.59 26.28 26.49 27.05 43.66 2.29 131.99 10.68 193.04 41.43 9.37 4.72 20.48-1.71 20.48-11.87V252.56c-.01-4.67-2.32-8.95-6.42-11.46zm248.61-49.05c-48.35 2.74-144.46 12.73-203.78 49.05-4.1 2.51-6.41 6.96-6.41 11.63v245.79c0 10.19 11.14 16.63 20.54 11.9 61.04-30.72 149.32-39.11 192.97-41.4 14.9-.78 26.49-12.73 26.49-27.06V219.14c-.01-15.63-13.56-28.01-29.81-27.09z\"><\/path><\/svg>\t\t\t<\/span>\n\t\t\t\t\t\t\t\t\t<span class=\"elementor-button-text\">Ver Certificado<\/span>\n\t\t\t\t\t<\/span>\n\t\t\t\t\t<\/a>\n\t\t\t\t<\/div>\n\t\t\t\t\t\t\t\t<\/div>\n\t\t\t\t<\/div>\n\t\t\t\t\t<\/div>\n\t\t<\/div>\n\t\t\t\t\t<\/div>\n\t\t<\/section>\n\t\t<div class=\"elementor-element elementor-element-9b28cae e-flex e-con-boxed e-con e-parent\" data-id=\"9b28cae\" data-element_type=\"container\" data-e-type=\"container\">\n\t\t\t\t\t<div class=\"e-con-inner\">\n\t\t\t\t\t<\/div>\n\t\t\t\t<\/div>\n\t\t\t\t<\/div>\n\t\t","protected":false},"excerpt":{"rendered":"<p>Apresentamos, a seguir, a atribui\u00e7\u00e3o do Selo \u201cEscola Sem Bullying | Escola Sem Viol\u00eancia\u201d ao Agrupamento de Escolas Dr. Ant\u00f3nio Granjo.<\/p>\n","protected":false},"author":3,"featured_media":0,"comment_status":"closed","ping_status":"closed","sticky":false,"template":"","format":"standard","meta":{"footnotes":""},"categories":[17],"tags":[],"class_list":["post-30080","post","type-post","status-publish","format-standard","hentry","category-noticia"],"_links":{"self":[{"href":"https:\/\/aeag.pt\/portal\/wp-json\/wp\/v2\/posts\/30080","targetHints":{"allow":["GET"]}}],"collection":[{"href":"https:\/\/aeag.pt\/portal\/wp-json\/wp\/v2\/posts"}],"about":[{"href":"https:\/\/aeag.pt\/portal\/wp-json\/wp\/v2\/types\/post"}],"author":[{"embeddable":true,"href":"https:\/\/aeag.pt\/portal\/wp-json\/wp\/v2\/users\/3"}],"replies":[{"embeddable":true,"href":"https:\/\/aeag.pt\/portal\/wp-json\/wp\/v2\/comments?post=30080"}],"version-history":[{"count":5,"href":"https:\/\/aeag.pt\/portal\/wp-json\/wp\/v2\/posts\/30080\/revisions"}],"predecessor-version":[{"id":30086,"href":"https:\/\/aeag.pt\/portal\/wp-json\/wp\/v2\/posts\/30080\/revisions\/30086"}],"wp:attachment":[{"href":"https:\/\/aeag.pt\/portal\/wp-json\/wp\/v2\/media?parent=30080"}],"wp:term":[{"taxonomy":"category","embeddable":true,"href":"https:\/\/aeag.pt\/portal\/wp-json\/wp\/v2\/categories?post=30080"},{"taxonomy":"post_tag","embeddable":true,"href":"https:\/\/aeag.pt\/portal\/wp-json\/wp\/v2\/tags?post=30080"}],"curies":[{"name":"wp","href":"https:\/\/api.w.org\/{rel}","templated":true}]}}