{"id":29991,"date":"2025-10-22T10:22:19","date_gmt":"2025-10-22T09:22:19","guid":{"rendered":"https:\/\/aeag.pt\/portal\/?p=29991"},"modified":"2025-11-05T23:23:11","modified_gmt":"2025-11-05T22:23:11","slug":"corta-mato-ano-letivo-2025-2026","status":"publish","type":"post","link":"https:\/\/aeag.pt\/portal\/corta-mato-ano-letivo-2025-2026\/","title":{"rendered":"Corta \u2013 Mato Ano Letivo 2025\/2026"},"content":{"rendered":"\t\t<div data-elementor-type=\"wp-post\" data-elementor-id=\"29991\" class=\"elementor elementor-29991\">\n\t\t\t\t\t\t<section class=\"elementor-section elementor-top-section elementor-element elementor-element-386b06a elementor-section-boxed elementor-section-height-default elementor-section-height-default\" data-id=\"386b06a\" data-element_type=\"section\" data-e-type=\"section\">\n\t\t\t\t\t\t<div class=\"elementor-container elementor-column-gap-default\">\n\t\t\t\t\t<div class=\"elementor-column elementor-col-100 elementor-top-column elementor-element elementor-element-03533db\" data-id=\"03533db\" data-element_type=\"column\" data-e-type=\"column\">\n\t\t\t<div class=\"elementor-widget-wrap elementor-element-populated\">\n\t\t\t\t\t\t<div class=\"elementor-element elementor-element-eb04819 elementor-widget thim-ekits-heading elementor-widget-thim-heading\" data-id=\"eb04819\" data-element_type=\"widget\" data-e-type=\"widget\" data-widget_type=\"thim-heading.default\">\n\t\t\t\t<div class=\"elementor-widget-container\">\n\t\t\t\t\t<div class=\"sc_heading\"><div class=\"sub-heading\"><p>As escolas Dr. Francisco Gon\u00e7alves Carneiro e Escola Secund\u00e1ria Dr. Ant\u00f3nio Granjo v\u00e3o realizar o tradicional Corta-Mato Escolar, uma atividade que promove o desporto, a conviv\u00eancia e o esp\u00edrito de equipa entre os alunos.<\/p>\n<\/div><\/div>\t\t\t\t<\/div>\n\t\t\t\t<\/div>\n\t\t\t\t<div class=\"elementor-element elementor-element-066b0bc elementor-widget elementor-widget-image\" data-id=\"066b0bc\" data-element_type=\"widget\" data-e-type=\"widget\" data-widget_type=\"image.default\">\n\t\t\t\t<div class=\"elementor-widget-container\">\n\t\t\t\t\t\t\t\t\t\t\t\t\t\t\t<img fetchpriority=\"high\" decoding=\"async\" width=\"640\" height=\"905\" src=\"https:\/\/aeag.pt\/portal\/wp-content\/uploads\/2025\/10\/corta_mato-FGC-724x1024.png\" class=\"attachment-large size-large wp-image-30052\" alt=\"corta_mato FGC\" srcset=\"https:\/\/aeag.pt\/portal\/wp-content\/uploads\/2025\/10\/corta_mato-FGC-724x1024.png 724w, https:\/\/aeag.pt\/portal\/wp-content\/uploads\/2025\/10\/corta_mato-FGC-212x300.png 212w, https:\/\/aeag.pt\/portal\/wp-content\/uploads\/2025\/10\/corta_mato-FGC-768x1086.png 768w, https:\/\/aeag.pt\/portal\/wp-content\/uploads\/2025\/10\/corta_mato-FGC-1086x1536.png 1086w, https:\/\/aeag.pt\/portal\/wp-content\/uploads\/2025\/10\/corta_mato-FGC-318x450.png 318w, https:\/\/aeag.pt\/portal\/wp-content\/uploads\/2025\/10\/corta_mato-FGC.png 1414w\" sizes=\"(max-width: 640px) 100vw, 640px\" \/>\t\t\t\t\t\t\t\t\t\t\t\t\t\t\t<\/div>\n\t\t\t\t<\/div>\n\t\t\t\t<div class=\"elementor-element elementor-element-5bb20d3 elementor-widget elementor-widget-image\" data-id=\"5bb20d3\" data-element_type=\"widget\" data-e-type=\"widget\" data-widget_type=\"image.default\">\n\t\t\t\t<div class=\"elementor-widget-container\">\n\t\t\t\t\t\t\t\t\t\t\t\t\t\t\t<img decoding=\"async\" width=\"640\" height=\"904\" src=\"https:\/\/aeag.pt\/portal\/wp-content\/uploads\/2025\/10\/Cartaz_Corta_Mato_07Nov_2025-725x1024.jpg\" class=\"attachment-large size-large wp-image-30047\" alt=\"\" srcset=\"https:\/\/aeag.pt\/portal\/wp-content\/uploads\/2025\/10\/Cartaz_Corta_Mato_07Nov_2025-725x1024.jpg 725w, https:\/\/aeag.pt\/portal\/wp-content\/uploads\/2025\/10\/Cartaz_Corta_Mato_07Nov_2025-212x300.jpg 212w, https:\/\/aeag.pt\/portal\/wp-content\/uploads\/2025\/10\/Cartaz_Corta_Mato_07Nov_2025-768x1085.jpg 768w, https:\/\/aeag.pt\/portal\/wp-content\/uploads\/2025\/10\/Cartaz_Corta_Mato_07Nov_2025-1087x1536.jpg 1087w, https:\/\/aeag.pt\/portal\/wp-content\/uploads\/2025\/10\/Cartaz_Corta_Mato_07Nov_2025-1449x2048.jpg 1449w, https:\/\/aeag.pt\/portal\/wp-content\/uploads\/2025\/10\/Cartaz_Corta_Mato_07Nov_2025-318x450.jpg 318w, https:\/\/aeag.pt\/portal\/wp-content\/uploads\/2025\/10\/Cartaz_Corta_Mato_07Nov_2025.jpg 1755w\" sizes=\"(max-width: 640px) 100vw, 640px\" \/>\t\t\t\t\t\t\t\t\t\t\t\t\t\t\t<\/div>\n\t\t\t\t<\/div>\n\t\t\t\t\t<\/div>\n\t\t<\/div>\n\t\t\t\t\t<\/div>\n\t\t<\/section>\n\t\t<div class=\"elementor-element elementor-element-9b28cae e-flex e-con-boxed e-con e-parent\" data-id=\"9b28cae\" data-element_type=\"container\" data-e-type=\"container\">\n\t\t\t\t\t<div class=\"e-con-inner\">\n\t\t\t\t\t<\/div>\n\t\t\t\t<\/div>\n\t\t\t\t<\/div>\n\t\t","protected":false},"excerpt":{"rendered":"<p>Apresentamos de seguida a nova data e os cartazes de divulga\u00e7\u00e3o referentes \u00e0 realiza\u00e7\u00e3o do Corta-Mato Escolar 2025-2026.<\/p>\n","protected":false},"author":3,"featured_media":0,"comment_status":"closed","ping_status":"closed","sticky":false,"template":"","format":"standard","meta":{"footnotes":""},"categories":[17],"tags":[],"class_list":["post-29991","post","type-post","status-publish","format-standard","hentry","category-noticia"],"_links":{"self":[{"href":"https:\/\/aeag.pt\/portal\/wp-json\/wp\/v2\/posts\/29991","targetHints":{"allow":["GET"]}}],"collection":[{"href":"https:\/\/aeag.pt\/portal\/wp-json\/wp\/v2\/posts"}],"about":[{"href":"https:\/\/aeag.pt\/portal\/wp-json\/wp\/v2\/types\/post"}],"author":[{"embeddable":true,"href":"https:\/\/aeag.pt\/portal\/wp-json\/wp\/v2\/users\/3"}],"replies":[{"embeddable":true,"href":"https:\/\/aeag.pt\/portal\/wp-json\/wp\/v2\/comments?post=29991"}],"version-history":[{"count":16,"href":"https:\/\/aeag.pt\/portal\/wp-json\/wp\/v2\/posts\/29991\/revisions"}],"predecessor-version":[{"id":30056,"href":"https:\/\/aeag.pt\/portal\/wp-json\/wp\/v2\/posts\/29991\/revisions\/30056"}],"wp:attachment":[{"href":"https:\/\/aeag.pt\/portal\/wp-json\/wp\/v2\/media?parent=29991"}],"wp:term":[{"taxonomy":"category","embeddable":true,"href":"https:\/\/aeag.pt\/portal\/wp-json\/wp\/v2\/categories?post=29991"},{"taxonomy":"post_tag","embeddable":true,"href":"https:\/\/aeag.pt\/portal\/wp-json\/wp\/v2\/tags?post=29991"}],"curies":[{"name":"wp","href":"https:\/\/api.w.org\/{rel}","templated":true}]}}