{"id":29945,"date":"2025-10-03T20:41:22","date_gmt":"2025-10-03T19:41:22","guid":{"rendered":"https:\/\/aeag.pt\/portal\/?p=29945"},"modified":"2025-10-03T20:52:09","modified_gmt":"2025-10-03T19:52:09","slug":"dia-do-professor","status":"publish","type":"post","link":"https:\/\/aeag.pt\/portal\/dia-do-professor\/","title":{"rendered":"5 de Outubro: Dia Mundial do Professor"},"content":{"rendered":"\t\t<div data-elementor-type=\"wp-post\" data-elementor-id=\"29945\" class=\"elementor elementor-29945\">\n\t\t\t\t\t\t<section class=\"elementor-section elementor-top-section elementor-element elementor-element-386b06a elementor-section-boxed elementor-section-height-default elementor-section-height-default\" data-id=\"386b06a\" data-element_type=\"section\" data-e-type=\"section\">\n\t\t\t\t\t\t<div class=\"elementor-container elementor-column-gap-default\">\n\t\t\t\t\t<div class=\"elementor-column elementor-col-100 elementor-top-column elementor-element elementor-element-03533db\" data-id=\"03533db\" data-element_type=\"column\" data-e-type=\"column\">\n\t\t\t<div class=\"elementor-widget-wrap elementor-element-populated\">\n\t\t\t\t\t\t<div class=\"elementor-element elementor-element-fac7584 elementor-widget elementor-widget-image\" data-id=\"fac7584\" data-element_type=\"widget\" data-e-type=\"widget\" data-widget_type=\"image.default\">\n\t\t\t\t<div class=\"elementor-widget-container\">\n\t\t\t\t\t\t\t\t\t\t\t\t\t\t\t<img fetchpriority=\"high\" decoding=\"async\" width=\"640\" height=\"960\" src=\"https:\/\/aeag.pt\/portal\/wp-content\/uploads\/2025\/10\/dia-professor-768x1152.jpeg\" class=\"attachment-medium_large size-medium_large wp-image-29948\" alt=\"Dia do Professor\" srcset=\"https:\/\/aeag.pt\/portal\/wp-content\/uploads\/2025\/10\/dia-professor-768x1152.jpeg 768w, https:\/\/aeag.pt\/portal\/wp-content\/uploads\/2025\/10\/dia-professor-200x300.jpeg 200w, https:\/\/aeag.pt\/portal\/wp-content\/uploads\/2025\/10\/dia-professor-683x1024.jpeg 683w, https:\/\/aeag.pt\/portal\/wp-content\/uploads\/2025\/10\/dia-professor-300x450.jpeg 300w, https:\/\/aeag.pt\/portal\/wp-content\/uploads\/2025\/10\/dia-professor.jpeg 1024w\" sizes=\"(max-width: 640px) 100vw, 640px\" \/>\t\t\t\t\t\t\t\t\t\t\t\t\t\t\t<\/div>\n\t\t\t\t<\/div>\n\t\t\t\t<div class=\"elementor-element elementor-element-0396902 elementor-widget thim-ekits-heading elementor-widget-thim-heading\" data-id=\"0396902\" data-element_type=\"widget\" data-e-type=\"widget\" data-widget_type=\"thim-heading.default\">\n\t\t\t\t<div class=\"elementor-widget-container\">\n\t\t\t\t\t<div class=\"sc_heading\"><h5 class=\"title\">Dia Mundial do Professor <\/h5><div class=\"sub-heading\"><\/div><\/div>\t\t\t\t<\/div>\n\t\t\t\t<\/div>\n\t\t\t\t<div class=\"elementor-element elementor-element-a726899 elementor-widget thim-ekits-heading elementor-widget-thim-heading\" data-id=\"a726899\" data-element_type=\"widget\" data-e-type=\"widget\" data-widget_type=\"thim-heading.default\">\n\t\t\t\t<div class=\"elementor-widget-container\">\n\t\t\t\t\t<div class=\"sc_heading\"><div class=\"sub-heading\"><p>O Dia Mundial do Professor celebra-se a 5 de Outubro e foi criado pela UNESCO em 1994 para homenagear os professores e reconhecer a sua import\u00e2ncia na educa\u00e7\u00e3o e na sociedade.<\/p>\n<p>A data lembra o papel fundamental dos docentes na forma\u00e7\u00e3o dos alunos e \u00e9 tamb\u00e9m uma oportunidade para valorizar a profiss\u00e3o e refletir sobre os desafios que enfrentam.<\/p>\n<p>\ud83c\udf93 \u00c9 um dia para agradecer a todos os que ensinam e inspiram.<\/p>\n<\/div><\/div>\t\t\t\t<\/div>\n\t\t\t\t<\/div>\n\t\t\t\t\t<\/div>\n\t\t<\/div>\n\t\t\t\t\t<\/div>\n\t\t<\/section>\n\t\t<div class=\"elementor-element elementor-element-9b28cae e-flex e-con-boxed e-con e-parent\" data-id=\"9b28cae\" data-element_type=\"container\" data-e-type=\"container\">\n\t\t\t\t\t<div class=\"e-con-inner\">\n\t\t\t\t\t<\/div>\n\t\t\t\t<\/div>\n\t\t\t\t<\/div>\n\t\t","protected":false},"excerpt":{"rendered":"<p>Dia 5 de Outubro \u2013 comemora-se o Dia Mundial do Professor.<\/p>\n","protected":false},"author":3,"featured_media":0,"comment_status":"closed","ping_status":"closed","sticky":false,"template":"","format":"standard","meta":{"footnotes":""},"categories":[59,17],"tags":[],"class_list":["post-29945","post","type-post","status-publish","format-standard","hentry","category-informacao","category-noticia"],"_links":{"self":[{"href":"https:\/\/aeag.pt\/portal\/wp-json\/wp\/v2\/posts\/29945","targetHints":{"allow":["GET"]}}],"collection":[{"href":"https:\/\/aeag.pt\/portal\/wp-json\/wp\/v2\/posts"}],"about":[{"href":"https:\/\/aeag.pt\/portal\/wp-json\/wp\/v2\/types\/post"}],"author":[{"embeddable":true,"href":"https:\/\/aeag.pt\/portal\/wp-json\/wp\/v2\/users\/3"}],"replies":[{"embeddable":true,"href":"https:\/\/aeag.pt\/portal\/wp-json\/wp\/v2\/comments?post=29945"}],"version-history":[{"count":12,"href":"https:\/\/aeag.pt\/portal\/wp-json\/wp\/v2\/posts\/29945\/revisions"}],"predecessor-version":[{"id":29958,"href":"https:\/\/aeag.pt\/portal\/wp-json\/wp\/v2\/posts\/29945\/revisions\/29958"}],"wp:attachment":[{"href":"https:\/\/aeag.pt\/portal\/wp-json\/wp\/v2\/media?parent=29945"}],"wp:term":[{"taxonomy":"category","embeddable":true,"href":"https:\/\/aeag.pt\/portal\/wp-json\/wp\/v2\/categories?post=29945"},{"taxonomy":"post_tag","embeddable":true,"href":"https:\/\/aeag.pt\/portal\/wp-json\/wp\/v2\/tags?post=29945"}],"curies":[{"name":"wp","href":"https:\/\/api.w.org\/{rel}","templated":true}]}}