{"id":29660,"date":"2025-08-25T17:09:43","date_gmt":"2025-08-25T16:09:43","guid":{"rendered":"https:\/\/aeag.pt\/portal\/?p=29660"},"modified":"2025-08-25T17:12:15","modified_gmt":"2025-08-25T16:12:15","slug":"rececao-aos-alunos","status":"publish","type":"post","link":"https:\/\/aeag.pt\/portal\/rececao-aos-alunos\/","title":{"rendered":"Rece\u00e7\u00e3o aos alunos"},"content":{"rendered":"\t\t<div data-elementor-type=\"wp-post\" data-elementor-id=\"29660\" class=\"elementor elementor-29660\">\n\t\t\t\t\t\t<section class=\"elementor-section elementor-top-section elementor-element elementor-element-386b06a elementor-section-boxed elementor-section-height-default elementor-section-height-default\" data-id=\"386b06a\" data-element_type=\"section\" data-e-type=\"section\">\n\t\t\t\t\t\t<div class=\"elementor-container elementor-column-gap-default\">\n\t\t\t\t\t<div class=\"elementor-column elementor-col-100 elementor-top-column elementor-element elementor-element-03533db\" data-id=\"03533db\" data-element_type=\"column\" data-e-type=\"column\">\n\t\t\t<div class=\"elementor-widget-wrap elementor-element-populated\">\n\t\t\t\t\t\t<div class=\"elementor-element elementor-element-fac7584 elementor-widget elementor-widget-image\" data-id=\"fac7584\" data-element_type=\"widget\" data-e-type=\"widget\" data-widget_type=\"image.default\">\n\t\t\t\t<div class=\"elementor-widget-container\">\n\t\t\t\t\t\t\t\t\t\t\t\t\t\t\t<img fetchpriority=\"high\" decoding=\"async\" width=\"640\" height=\"905\" src=\"https:\/\/aeag.pt\/portal\/wp-content\/uploads\/2025\/08\/Rececao-aos-Alunos-25_26-768x1086.jpg\" class=\"attachment-medium_large size-medium_large wp-image-29663\" alt=\"\" srcset=\"https:\/\/aeag.pt\/portal\/wp-content\/uploads\/2025\/08\/Rececao-aos-Alunos-25_26-768x1086.jpg 768w, https:\/\/aeag.pt\/portal\/wp-content\/uploads\/2025\/08\/Rececao-aos-Alunos-25_26-212x300.jpg 212w, https:\/\/aeag.pt\/portal\/wp-content\/uploads\/2025\/08\/Rececao-aos-Alunos-25_26-724x1024.jpg 724w, https:\/\/aeag.pt\/portal\/wp-content\/uploads\/2025\/08\/Rececao-aos-Alunos-25_26-1086x1536.jpg 1086w, https:\/\/aeag.pt\/portal\/wp-content\/uploads\/2025\/08\/Rececao-aos-Alunos-25_26-318x450.jpg 318w, https:\/\/aeag.pt\/portal\/wp-content\/uploads\/2025\/08\/Rececao-aos-Alunos-25_26.jpg 1241w\" sizes=\"(max-width: 640px) 100vw, 640px\" \/>\t\t\t\t\t\t\t\t\t\t\t\t\t\t\t<\/div>\n\t\t\t\t<\/div>\n\t\t\t\t\t<\/div>\n\t\t<\/div>\n\t\t\t\t\t<\/div>\n\t\t<\/section>\n\t\t<div class=\"elementor-element elementor-element-9b28cae e-flex e-con-boxed e-con e-parent\" data-id=\"9b28cae\" data-element_type=\"container\" data-e-type=\"container\">\n\t\t\t\t\t<div class=\"e-con-inner\">\n\t\t\t\t\t<\/div>\n\t\t\t\t<\/div>\n\t\t\t\t<\/div>\n\t\t","protected":false},"excerpt":{"rendered":"<p>Apresentamos a seguir  o calend\u00e1rio da Rece\u00e7\u00e3o aos Alunos 2025\/2026<\/p>\n","protected":false},"author":3,"featured_media":0,"comment_status":"closed","ping_status":"closed","sticky":false,"template":"","format":"standard","meta":{"footnotes":""},"categories":[17],"tags":[],"class_list":["post-29660","post","type-post","status-publish","format-standard","hentry","category-noticia"],"_links":{"self":[{"href":"https:\/\/aeag.pt\/portal\/wp-json\/wp\/v2\/posts\/29660","targetHints":{"allow":["GET"]}}],"collection":[{"href":"https:\/\/aeag.pt\/portal\/wp-json\/wp\/v2\/posts"}],"about":[{"href":"https:\/\/aeag.pt\/portal\/wp-json\/wp\/v2\/types\/post"}],"author":[{"embeddable":true,"href":"https:\/\/aeag.pt\/portal\/wp-json\/wp\/v2\/users\/3"}],"replies":[{"embeddable":true,"href":"https:\/\/aeag.pt\/portal\/wp-json\/wp\/v2\/comments?post=29660"}],"version-history":[{"count":5,"href":"https:\/\/aeag.pt\/portal\/wp-json\/wp\/v2\/posts\/29660\/revisions"}],"predecessor-version":[{"id":29666,"href":"https:\/\/aeag.pt\/portal\/wp-json\/wp\/v2\/posts\/29660\/revisions\/29666"}],"wp:attachment":[{"href":"https:\/\/aeag.pt\/portal\/wp-json\/wp\/v2\/media?parent=29660"}],"wp:term":[{"taxonomy":"category","embeddable":true,"href":"https:\/\/aeag.pt\/portal\/wp-json\/wp\/v2\/categories?post=29660"},{"taxonomy":"post_tag","embeddable":true,"href":"https:\/\/aeag.pt\/portal\/wp-json\/wp\/v2\/tags?post=29660"}],"curies":[{"name":"wp","href":"https:\/\/api.w.org\/{rel}","templated":true}]}}