{"id":29410,"date":"2025-07-18T10:47:12","date_gmt":"2025-07-18T09:47:12","guid":{"rendered":"https:\/\/aeag.pt\/portal\/?p=29410"},"modified":"2025-07-18T10:58:51","modified_gmt":"2025-07-18T09:58:51","slug":"servicos-administrativos-horario-ate-ao-dia-31-de-agosto-2025","status":"publish","type":"post","link":"https:\/\/aeag.pt\/portal\/servicos-administrativos-horario-ate-ao-dia-31-de-agosto-2025\/","title":{"rendered":"SERVI\u00c7OS ADMINISTRATIVOS &#8211; Hor\u00e1rio at\u00e9 ao dia 31 de agosto 2025"},"content":{"rendered":"\t\t<div data-elementor-type=\"wp-post\" data-elementor-id=\"29410\" class=\"elementor elementor-29410\">\n\t\t\t\t\t\t<section class=\"elementor-section elementor-top-section elementor-element elementor-element-386b06a elementor-section-boxed elementor-section-height-default elementor-section-height-default\" data-id=\"386b06a\" data-element_type=\"section\" data-e-type=\"section\">\n\t\t\t\t\t\t<div class=\"elementor-container elementor-column-gap-default\">\n\t\t\t\t\t<div class=\"elementor-column elementor-col-100 elementor-top-column elementor-element elementor-element-03533db\" data-id=\"03533db\" data-element_type=\"column\" data-e-type=\"column\">\n\t\t\t<div class=\"elementor-widget-wrap elementor-element-populated\">\n\t\t\t\t\t\t<div class=\"elementor-element elementor-element-9a0f800 elementor-widget elementor-widget-image\" data-id=\"9a0f800\" data-element_type=\"widget\" data-e-type=\"widget\" data-widget_type=\"image.default\">\n\t\t\t\t<div class=\"elementor-widget-container\">\n\t\t\t\t\t\t\t\t\t\t\t\t\t\t\t<img fetchpriority=\"high\" decoding=\"async\" width=\"640\" height=\"904\" src=\"https:\/\/aeag.pt\/portal\/wp-content\/uploads\/2025\/07\/horario-725x1024.jpg\" class=\"attachment-large size-large wp-image-29413\" alt=\"\" srcset=\"https:\/\/aeag.pt\/portal\/wp-content\/uploads\/2025\/07\/horario-725x1024.jpg 725w, https:\/\/aeag.pt\/portal\/wp-content\/uploads\/2025\/07\/horario-212x300.jpg 212w, https:\/\/aeag.pt\/portal\/wp-content\/uploads\/2025\/07\/horario-768x1085.jpg 768w, https:\/\/aeag.pt\/portal\/wp-content\/uploads\/2025\/07\/horario-318x450.jpg 318w, https:\/\/aeag.pt\/portal\/wp-content\/uploads\/2025\/07\/horario.jpg 796w\" sizes=\"(max-width: 640px) 100vw, 640px\" \/>\t\t\t\t\t\t\t\t\t\t\t\t\t\t\t<\/div>\n\t\t\t\t<\/div>\n\t\t\t\t<div class=\"elementor-element elementor-element-eb04819 elementor-widget thim-ekits-heading elementor-widget-thim-heading\" data-id=\"eb04819\" data-element_type=\"widget\" data-e-type=\"widget\" data-widget_type=\"thim-heading.default\">\n\t\t\t\t<div class=\"elementor-widget-container\">\n\t\t\t\t\t<div class=\"sc_heading\"><div class=\"sub-heading\"><\/div><\/div>\t\t\t\t<\/div>\n\t\t\t\t<\/div>\n\t\t\t\t\t<\/div>\n\t\t<\/div>\n\t\t\t\t\t<\/div>\n\t\t<\/section>\n\t\t\t\t<\/div>\n\t\t","protected":false},"excerpt":{"rendered":"<p>Informamos a comunidade educativa que, at\u00e9 31 de agosto de 2025, os servi\u00e7os administrativos funcionar\u00e3o em hor\u00e1rio especial.<\/p>\n","protected":false},"author":3,"featured_media":0,"comment_status":"closed","ping_status":"closed","sticky":false,"template":"","format":"standard","meta":{"footnotes":""},"categories":[17],"tags":[],"class_list":["post-29410","post","type-post","status-publish","format-standard","hentry","category-noticia"],"_links":{"self":[{"href":"https:\/\/aeag.pt\/portal\/wp-json\/wp\/v2\/posts\/29410","targetHints":{"allow":["GET"]}}],"collection":[{"href":"https:\/\/aeag.pt\/portal\/wp-json\/wp\/v2\/posts"}],"about":[{"href":"https:\/\/aeag.pt\/portal\/wp-json\/wp\/v2\/types\/post"}],"author":[{"embeddable":true,"href":"https:\/\/aeag.pt\/portal\/wp-json\/wp\/v2\/users\/3"}],"replies":[{"embeddable":true,"href":"https:\/\/aeag.pt\/portal\/wp-json\/wp\/v2\/comments?post=29410"}],"version-history":[{"count":7,"href":"https:\/\/aeag.pt\/portal\/wp-json\/wp\/v2\/posts\/29410\/revisions"}],"predecessor-version":[{"id":29419,"href":"https:\/\/aeag.pt\/portal\/wp-json\/wp\/v2\/posts\/29410\/revisions\/29419"}],"wp:attachment":[{"href":"https:\/\/aeag.pt\/portal\/wp-json\/wp\/v2\/media?parent=29410"}],"wp:term":[{"taxonomy":"category","embeddable":true,"href":"https:\/\/aeag.pt\/portal\/wp-json\/wp\/v2\/categories?post=29410"},{"taxonomy":"post_tag","embeddable":true,"href":"https:\/\/aeag.pt\/portal\/wp-json\/wp\/v2\/tags?post=29410"}],"curies":[{"name":"wp","href":"https:\/\/api.w.org\/{rel}","templated":true}]}}