{"id":29154,"date":"2025-06-06T18:28:04","date_gmt":"2025-06-06T17:28:04","guid":{"rendered":"https:\/\/aeag.pt\/portal\/?p=29154"},"modified":"2025-07-09T18:09:06","modified_gmt":"2025-07-09T17:09:06","slug":"peca-de-teatro-o-mendigo-e-o-manequim","status":"publish","type":"post","link":"https:\/\/aeag.pt\/portal\/peca-de-teatro-o-mendigo-e-o-manequim\/","title":{"rendered":"Pe\u00e7a de teatro &#8220;O Mendigo e o Manequim Tr\u00eas Varandas na Rua do Sol&#8221;"},"content":{"rendered":"\t\t<div data-elementor-type=\"wp-post\" data-elementor-id=\"29154\" class=\"elementor elementor-29154\">\n\t\t\t\t\t\t<section class=\"elementor-section elementor-top-section elementor-element elementor-element-386b06a elementor-section-boxed elementor-section-height-default elementor-section-height-default\" data-id=\"386b06a\" data-element_type=\"section\" data-e-type=\"section\">\n\t\t\t\t\t\t<div class=\"elementor-container elementor-column-gap-default\">\n\t\t\t\t\t<div class=\"elementor-column elementor-col-100 elementor-top-column elementor-element elementor-element-03533db\" data-id=\"03533db\" data-element_type=\"column\" data-e-type=\"column\">\n\t\t\t<div class=\"elementor-widget-wrap elementor-element-populated\">\n\t\t\t\t\t\t<div class=\"elementor-element elementor-element-9a0f800 elementor-widget elementor-widget-image\" data-id=\"9a0f800\" data-element_type=\"widget\" data-e-type=\"widget\" data-widget_type=\"image.default\">\n\t\t\t\t<div class=\"elementor-widget-container\">\n\t\t\t\t\t\t\t\t\t\t\t\t\t\t\t<img fetchpriority=\"high\" decoding=\"async\" width=\"640\" height=\"905\" src=\"https:\/\/aeag.pt\/portal\/wp-content\/uploads\/2025\/06\/Teatro-724x1024.jpg\" class=\"attachment-large size-large wp-image-29158\" alt=\"Pe\u00e7a de Teatro\" srcset=\"https:\/\/aeag.pt\/portal\/wp-content\/uploads\/2025\/06\/Teatro-724x1024.jpg 724w, https:\/\/aeag.pt\/portal\/wp-content\/uploads\/2025\/06\/Teatro-212x300.jpg 212w, https:\/\/aeag.pt\/portal\/wp-content\/uploads\/2025\/06\/Teatro-768x1086.jpg 768w, https:\/\/aeag.pt\/portal\/wp-content\/uploads\/2025\/06\/Teatro-1086x1536.jpg 1086w, https:\/\/aeag.pt\/portal\/wp-content\/uploads\/2025\/06\/Teatro-318x450.jpg 318w, https:\/\/aeag.pt\/portal\/wp-content\/uploads\/2025\/06\/Teatro.jpg 1131w\" sizes=\"(max-width: 640px) 100vw, 640px\" \/>\t\t\t\t\t\t\t\t\t\t\t\t\t\t\t<\/div>\n\t\t\t\t<\/div>\n\t\t\t\t<div class=\"elementor-element elementor-element-eb04819 elementor-widget thim-ekits-heading elementor-widget-thim-heading\" data-id=\"eb04819\" data-element_type=\"widget\" data-e-type=\"widget\" data-widget_type=\"thim-heading.default\">\n\t\t\t\t<div class=\"elementor-widget-container\">\n\t\t\t\t\t<div class=\"sc_heading\"><div class=\"sub-heading\"><\/div><\/div>\t\t\t\t<\/div>\n\t\t\t\t<\/div>\n\t\t\t\t<div class=\"elementor-element elementor-element-0c9a01d elementor-widget elementor-widget-text-editor\" data-id=\"0c9a01d\" data-element_type=\"widget\" data-e-type=\"widget\" data-widget_type=\"text-editor.default\">\n\t\t\t\t<div class=\"elementor-widget-container\">\n\t\t\t\t\t\t\t\t\t<p>\u00a0 \u00a0 \u00a0O Grupo Experimental de Teatro do agrupamento apresenta a pe\u00e7a <strong data-start=\"87\" data-end=\"144\">&#8220;O Mendigo e o Manequim Tr\u00eas Varandas na Rua do Sol&#8221;<\/strong> no dia <strong data-start=\"152\" data-end=\"177\">14 de junho, \u00e0s 21h30<\/strong>, no <strong data-start=\"182\" data-end=\"210\">Cineteatro Bento Martins<\/strong>. A apresenta\u00e7\u00e3o resulta do trabalho desenvolvido ao longo do ano e est\u00e1 aberta \u00e0 comunidade. Todos est\u00e3o convidados a assistir e apoiar esta iniciativa cultural.<\/p>\t\t\t\t\t\t\t\t<\/div>\n\t\t\t\t<\/div>\n\t\t\t\t\t<\/div>\n\t\t<\/div>\n\t\t\t\t\t<\/div>\n\t\t<\/section>\n\t\t\t\t<\/div>\n\t\t","protected":false},"excerpt":{"rendered":"<p>O Grupo Experimental de Teatro do nosso agrupamento apresenta a pe\u00e7a &#8220;O Mendigo e o Manequim: Tr\u00eas Varandas na Rua do Sol&#8221;.<\/p>\n","protected":false},"author":3,"featured_media":0,"comment_status":"closed","ping_status":"closed","sticky":false,"template":"","format":"standard","meta":{"footnotes":""},"categories":[17],"tags":[],"class_list":["post-29154","post","type-post","status-publish","format-standard","hentry","category-noticia"],"_links":{"self":[{"href":"https:\/\/aeag.pt\/portal\/wp-json\/wp\/v2\/posts\/29154","targetHints":{"allow":["GET"]}}],"collection":[{"href":"https:\/\/aeag.pt\/portal\/wp-json\/wp\/v2\/posts"}],"about":[{"href":"https:\/\/aeag.pt\/portal\/wp-json\/wp\/v2\/types\/post"}],"author":[{"embeddable":true,"href":"https:\/\/aeag.pt\/portal\/wp-json\/wp\/v2\/users\/3"}],"replies":[{"embeddable":true,"href":"https:\/\/aeag.pt\/portal\/wp-json\/wp\/v2\/comments?post=29154"}],"version-history":[{"count":18,"href":"https:\/\/aeag.pt\/portal\/wp-json\/wp\/v2\/posts\/29154\/revisions"}],"predecessor-version":[{"id":29270,"href":"https:\/\/aeag.pt\/portal\/wp-json\/wp\/v2\/posts\/29154\/revisions\/29270"}],"wp:attachment":[{"href":"https:\/\/aeag.pt\/portal\/wp-json\/wp\/v2\/media?parent=29154"}],"wp:term":[{"taxonomy":"category","embeddable":true,"href":"https:\/\/aeag.pt\/portal\/wp-json\/wp\/v2\/categories?post=29154"},{"taxonomy":"post_tag","embeddable":true,"href":"https:\/\/aeag.pt\/portal\/wp-json\/wp\/v2\/tags?post=29154"}],"curies":[{"name":"wp","href":"https:\/\/api.w.org\/{rel}","templated":true}]}}