{"id":29125,"date":"2025-05-28T08:55:08","date_gmt":"2025-05-28T07:55:08","guid":{"rendered":"https:\/\/aeag.pt\/portal\/?p=29125"},"modified":"2025-07-09T18:10:55","modified_gmt":"2025-07-09T17:10:55","slug":"o-programa-roma-educa","status":"publish","type":"post","link":"https:\/\/aeag.pt\/portal\/o-programa-roma-educa\/","title":{"rendered":"O programa ROMA Educa"},"content":{"rendered":"\t\t<div data-elementor-type=\"wp-post\" data-elementor-id=\"29125\" class=\"elementor elementor-29125\">\n\t\t\t\t\t\t<section class=\"elementor-section elementor-top-section elementor-element elementor-element-386b06a elementor-section-boxed elementor-section-height-default elementor-section-height-default\" data-id=\"386b06a\" data-element_type=\"section\" data-e-type=\"section\">\n\t\t\t\t\t\t<div class=\"elementor-container elementor-column-gap-default\">\n\t\t\t\t\t<div class=\"elementor-column elementor-col-100 elementor-top-column elementor-element elementor-element-03533db\" data-id=\"03533db\" data-element_type=\"column\" data-e-type=\"column\">\n\t\t\t<div class=\"elementor-widget-wrap elementor-element-populated\">\n\t\t\t\t\t\t<div class=\"elementor-element elementor-element-eb04819 elementor-widget thim-ekits-heading elementor-widget-thim-heading\" data-id=\"eb04819\" data-element_type=\"widget\" data-e-type=\"widget\" data-widget_type=\"thim-heading.default\">\n\t\t\t\t<div class=\"elementor-widget-container\">\n\t\t\t\t\t<div class=\"sc_heading\"><h5 class=\"title\">Felicita\u00e7\u00f5es \u00e0s bolseiras pelo m\u00e9rito alcan\u00e7ado <\/h5><div class=\"sub-heading\"><\/div><\/div>\t\t\t\t<\/div>\n\t\t\t\t<\/div>\n\t\t\t\t<div class=\"elementor-element elementor-element-0c9a01d elementor-widget elementor-widget-text-editor\" data-id=\"0c9a01d\" data-element_type=\"widget\" data-e-type=\"widget\" data-widget_type=\"text-editor.default\">\n\t\t\t\t<div class=\"elementor-widget-container\">\n\t\t\t\t\t\t\t\t\t<div>\u00a0 \u00a0 \u00a0O Agrupamento de Escolas Dr. Ant\u00f3nio Granjo felicita as duas alunas da Escola Secund\u00e1ria Dr. Ant\u00f3nio Granjo que foram contempladas com uma bolsa do programa ROMA Educa no ano letivo de 2024\/2025, constituindo este reconhecimento um motivo de grande orgulho.<\/div><div>\u00a0 \u00a0 \u00a0O ROMA Educa \u00e9 um programa promovido pela Ag\u00eancia para a Integra\u00e7\u00e3o, Migra\u00e7\u00f5es e Asilo (AIMA), que tem como objetivo a atribui\u00e7\u00e3o de bolsas de estudo destinadas a apoiar a continuidade e o sucesso escolar de alunos e alunas provenientes das comunidades ciganas, no 3.\u00ba ciclo do ensino b\u00e1sico e no ensino secund\u00e1rio. Esta iniciativa reconhece a educa\u00e7\u00e3o como um pilar fundamental para o desenvolvimento pessoal, a valoriza\u00e7\u00e3o individual e a plena integra\u00e7\u00e3o social das pessoas ciganas na sociedade.<\/div>\t\t\t\t\t\t\t\t<\/div>\n\t\t\t\t<\/div>\n\t\t\t\t\t<\/div>\n\t\t<\/div>\n\t\t\t\t\t<\/div>\n\t\t<\/section>\n\t\t\t\t<\/div>\n\t\t","protected":false},"excerpt":{"rendered":"<p>O Agrupamento de Escolas Dr. Ant\u00f3nio Granjo felicita as duas alunas da Escola Secund\u00e1ria Dr. Ant\u00f3nio Granjo que foram contempladas com uma bolsa do programa ROMA Educa no ano letivo de 2024\/2025.<\/p>\n","protected":false},"author":3,"featured_media":0,"comment_status":"closed","ping_status":"closed","sticky":false,"template":"","format":"standard","meta":{"footnotes":""},"categories":[17],"tags":[],"class_list":["post-29125","post","type-post","status-publish","format-standard","hentry","category-noticia"],"_links":{"self":[{"href":"https:\/\/aeag.pt\/portal\/wp-json\/wp\/v2\/posts\/29125","targetHints":{"allow":["GET"]}}],"collection":[{"href":"https:\/\/aeag.pt\/portal\/wp-json\/wp\/v2\/posts"}],"about":[{"href":"https:\/\/aeag.pt\/portal\/wp-json\/wp\/v2\/types\/post"}],"author":[{"embeddable":true,"href":"https:\/\/aeag.pt\/portal\/wp-json\/wp\/v2\/users\/3"}],"replies":[{"embeddable":true,"href":"https:\/\/aeag.pt\/portal\/wp-json\/wp\/v2\/comments?post=29125"}],"version-history":[{"count":14,"href":"https:\/\/aeag.pt\/portal\/wp-json\/wp\/v2\/posts\/29125\/revisions"}],"predecessor-version":[{"id":29389,"href":"https:\/\/aeag.pt\/portal\/wp-json\/wp\/v2\/posts\/29125\/revisions\/29389"}],"wp:attachment":[{"href":"https:\/\/aeag.pt\/portal\/wp-json\/wp\/v2\/media?parent=29125"}],"wp:term":[{"taxonomy":"category","embeddable":true,"href":"https:\/\/aeag.pt\/portal\/wp-json\/wp\/v2\/categories?post=29125"},{"taxonomy":"post_tag","embeddable":true,"href":"https:\/\/aeag.pt\/portal\/wp-json\/wp\/v2\/tags?post=29125"}],"curies":[{"name":"wp","href":"https:\/\/api.w.org\/{rel}","templated":true}]}}