{"id":28739,"date":"2025-05-05T11:36:36","date_gmt":"2025-05-05T10:36:36","guid":{"rendered":"https:\/\/aeag.pt\/portal\/?p=28739"},"modified":"2025-05-19T15:03:37","modified_gmt":"2025-05-19T14:03:37","slug":"dia-da-escola-2025","status":"publish","type":"post","link":"https:\/\/aeag.pt\/portal\/dia-da-escola-2025\/","title":{"rendered":"Dia da Escola 2025"},"content":{"rendered":"\t\t<div data-elementor-type=\"wp-post\" data-elementor-id=\"28739\" class=\"elementor elementor-28739\">\n\t\t\t\t<div class=\"elementor-element elementor-element-9b28cae e-flex e-con-boxed e-con e-parent\" data-id=\"9b28cae\" data-element_type=\"container\" data-e-type=\"container\">\n\t\t\t\t\t<div class=\"e-con-inner\">\n\t\t\t\t<div class=\"elementor-element elementor-element-2dc0e0b elementor-widget elementor-widget-image\" data-id=\"2dc0e0b\" data-element_type=\"widget\" data-e-type=\"widget\" data-widget_type=\"image.default\">\n\t\t\t\t<div class=\"elementor-widget-container\">\n\t\t\t\t\t\t\t\t\t\t\t\t\t\t\t<img fetchpriority=\"high\" decoding=\"async\" width=\"1086\" height=\"1086\" src=\"https:\/\/aeag.pt\/portal\/wp-content\/uploads\/2025\/05\/Cartaz_Dia_Escola_2025-Insta.jpg\" class=\"attachment-full size-full wp-image-28732\" alt=\"Cartaz dia do Agrupamento de Escolas Dr. Ant\u00f3nio Granjo\" srcset=\"https:\/\/aeag.pt\/portal\/wp-content\/uploads\/2025\/05\/Cartaz_Dia_Escola_2025-Insta.jpg 1086w, https:\/\/aeag.pt\/portal\/wp-content\/uploads\/2025\/05\/Cartaz_Dia_Escola_2025-Insta-300x300.jpg 300w, https:\/\/aeag.pt\/portal\/wp-content\/uploads\/2025\/05\/Cartaz_Dia_Escola_2025-Insta-1024x1024.jpg 1024w, https:\/\/aeag.pt\/portal\/wp-content\/uploads\/2025\/05\/Cartaz_Dia_Escola_2025-Insta-150x150.jpg 150w, https:\/\/aeag.pt\/portal\/wp-content\/uploads\/2025\/05\/Cartaz_Dia_Escola_2025-Insta-768x768.jpg 768w, https:\/\/aeag.pt\/portal\/wp-content\/uploads\/2025\/05\/Cartaz_Dia_Escola_2025-Insta-450x450.jpg 450w, https:\/\/aeag.pt\/portal\/wp-content\/uploads\/2025\/05\/Cartaz_Dia_Escola_2025-Insta-100x100.jpg 100w\" sizes=\"(max-width: 1086px) 100vw, 1086px\" \/>\t\t\t\t\t\t\t\t\t\t\t\t\t\t\t<\/div>\n\t\t\t\t<\/div>\n\t\t\t\t\t<\/div>\n\t\t\t\t<\/div>\n\t\t\t\t<section class=\"elementor-section elementor-top-section elementor-element elementor-element-386b06a elementor-section-boxed elementor-section-height-default elementor-section-height-default\" data-id=\"386b06a\" data-element_type=\"section\" data-e-type=\"section\">\n\t\t\t\t\t\t<div class=\"elementor-container elementor-column-gap-default\">\n\t\t\t\t\t<div class=\"elementor-column elementor-col-100 elementor-top-column elementor-element elementor-element-03533db\" data-id=\"03533db\" data-element_type=\"column\" data-e-type=\"column\">\n\t\t\t<div class=\"elementor-widget-wrap elementor-element-populated\">\n\t\t\t\t\t\t<div class=\"elementor-element elementor-element-eb04819 elementor-widget thim-ekits-heading elementor-widget-thim-heading\" data-id=\"eb04819\" data-element_type=\"widget\" data-e-type=\"widget\" data-widget_type=\"thim-heading.default\">\n\t\t\t\t<div class=\"elementor-widget-container\">\n\t\t\t\t\t<div class=\"sc_heading\"><div class=\"sub-heading\"><p>\n\u00a0\u00a0\u00a0\u00a0\u00a0Parab\u00e9ns ao nosso Agrupamento de Escolas Dr. Ant\u00f3nio Granjo, por mais um anivers\u00e1rio! As festividades decorrem no dia 6 de maio, com in\u00edcio \u00e0s 9:00h com diversas atua\u00e7\u00f5es e atividades. Festejemos com alegria e divers\u00e3o!<\/p>\n<\/div><\/div>\t\t\t\t<\/div>\n\t\t\t\t<\/div>\n\t\t\t\t\t<\/div>\n\t\t<\/div>\n\t\t\t\t\t<\/div>\n\t\t<\/section>\n\t\t\t\t<\/div>\n\t\t","protected":false},"excerpt":{"rendered":"<p>\u00a0\u00a0\u00a0\u00a0\u00a0Parab\u00e9ns ao nosso Agrupamento de Escolas Dr. Ant\u00f3nio Granjo, por mais um anivers\u00e1rio! As festividades decorrem no dia 6 de maio, com in\u00edcio \u00e0s 9:00 com diversas atua\u00e7\u00f5es e atividades. Festejamos com alegria e divers\u00e3o!<\/p>\n","protected":false},"author":2,"featured_media":0,"comment_status":"closed","ping_status":"closed","sticky":false,"template":"","format":"standard","meta":{"footnotes":""},"categories":[17],"tags":[],"class_list":["post-28739","post","type-post","status-publish","format-standard","hentry","category-noticia"],"_links":{"self":[{"href":"https:\/\/aeag.pt\/portal\/wp-json\/wp\/v2\/posts\/28739","targetHints":{"allow":["GET"]}}],"collection":[{"href":"https:\/\/aeag.pt\/portal\/wp-json\/wp\/v2\/posts"}],"about":[{"href":"https:\/\/aeag.pt\/portal\/wp-json\/wp\/v2\/types\/post"}],"author":[{"embeddable":true,"href":"https:\/\/aeag.pt\/portal\/wp-json\/wp\/v2\/users\/2"}],"replies":[{"embeddable":true,"href":"https:\/\/aeag.pt\/portal\/wp-json\/wp\/v2\/comments?post=28739"}],"version-history":[{"count":15,"href":"https:\/\/aeag.pt\/portal\/wp-json\/wp\/v2\/posts\/28739\/revisions"}],"predecessor-version":[{"id":28754,"href":"https:\/\/aeag.pt\/portal\/wp-json\/wp\/v2\/posts\/28739\/revisions\/28754"}],"wp:attachment":[{"href":"https:\/\/aeag.pt\/portal\/wp-json\/wp\/v2\/media?parent=28739"}],"wp:term":[{"taxonomy":"category","embeddable":true,"href":"https:\/\/aeag.pt\/portal\/wp-json\/wp\/v2\/categories?post=28739"},{"taxonomy":"post_tag","embeddable":true,"href":"https:\/\/aeag.pt\/portal\/wp-json\/wp\/v2\/tags?post=28739"}],"curies":[{"name":"wp","href":"https:\/\/api.w.org\/{rel}","templated":true}]}}