{"id":27114,"date":"2025-02-11T12:00:59","date_gmt":"2025-02-11T11:00:59","guid":{"rendered":"https:\/\/aeag.pt\/portal\/?p=27114"},"modified":"2025-03-27T17:37:38","modified_gmt":"2025-03-27T16:37:38","slug":"bailarinas-da-escola-de-danca-de-chaves-premiadas-internacionalmente","status":"publish","type":"post","link":"https:\/\/aeag.pt\/portal\/bailarinas-da-escola-de-danca-de-chaves-premiadas-internacionalmente\/","title":{"rendered":"Bailarinas da escola de Dan\u00e7a de Chaves premiadas internacionalmente"},"content":{"rendered":"\t\t<div data-elementor-type=\"wp-post\" data-elementor-id=\"27114\" class=\"elementor elementor-27114\">\n\t\t\t\t\t\t<section class=\"elementor-section elementor-top-section elementor-element elementor-element-386b06a elementor-section-boxed elementor-section-height-default elementor-section-height-default\" data-id=\"386b06a\" data-element_type=\"section\" data-e-type=\"section\">\n\t\t\t\t\t\t<div class=\"elementor-container elementor-column-gap-default\">\n\t\t\t\t\t<div class=\"elementor-column elementor-col-100 elementor-top-column elementor-element elementor-element-03533db\" data-id=\"03533db\" data-element_type=\"column\" data-e-type=\"column\">\n\t\t\t<div class=\"elementor-widget-wrap elementor-element-populated\">\n\t\t\t\t\t\t<div class=\"elementor-element elementor-element-3170e61 elementor-widget elementor-widget-image\" data-id=\"3170e61\" data-element_type=\"widget\" data-e-type=\"widget\" data-widget_type=\"image.default\">\n\t\t\t\t<div class=\"elementor-widget-container\">\n\t\t\t\t\t\t\t\t\t\t\t\t\t\t\t<img fetchpriority=\"high\" decoding=\"async\" width=\"970\" height=\"560\" src=\"https:\/\/aeag.pt\/portal\/wp-content\/uploads\/2025\/02\/sarau.jpg\" class=\"attachment-full size-full wp-image-27310\" alt=\"As bailarinas da FORMA - Est\u00fadio de Dan\u00e7a de Chaves alcan\u00e7aram 15 pr\u00e9mios com a participa\u00e7\u00e3o no European Ballet Grand Prix 2025 que decorreu em Viena, na \u00c1ustria\" srcset=\"https:\/\/aeag.pt\/portal\/wp-content\/uploads\/2025\/02\/sarau.jpg 970w, https:\/\/aeag.pt\/portal\/wp-content\/uploads\/2025\/02\/sarau-300x173.jpg 300w, https:\/\/aeag.pt\/portal\/wp-content\/uploads\/2025\/02\/sarau-768x443.jpg 768w, https:\/\/aeag.pt\/portal\/wp-content\/uploads\/2025\/02\/sarau-600x346.jpg 600w\" sizes=\"(max-width: 970px) 100vw, 970px\" \/>\t\t\t\t\t\t\t\t\t\t\t\t\t\t\t<\/div>\n\t\t\t\t<\/div>\n\t\t\t\t<div class=\"elementor-element elementor-element-eb04819 elementor-widget thim-ekits-heading elementor-widget-thim-heading\" data-id=\"eb04819\" data-element_type=\"widget\" data-e-type=\"widget\" data-widget_type=\"thim-heading.default\">\n\t\t\t\t<div class=\"elementor-widget-container\">\n\t\t\t\t\t<div class=\"sc_heading\"><h3 class=\"title\">FORMA - Est\u00fadio de Dan\u00e7a de Chaves  <\/h3><div class=\"sub-heading\"><p>\u00a0\u00a0\u00a0\u00a0\u00a0As bailarinas da FORMA - Est\u00fadio de Dan\u00e7a de Chaves alcan\u00e7aram 15 pr\u00e9mios com a participa\u00e7\u00e3o no European Ballet Grand Prix 2025 que decorreu em Viena, na \u00c1ustria.<\/p>\n<\/div><\/div>\t\t\t\t<\/div>\n\t\t\t\t<\/div>\n\t\t\t\t<div class=\"elementor-element elementor-element-0f7766c elementor-widget elementor-widget-button\" data-id=\"0f7766c\" data-element_type=\"widget\" data-e-type=\"widget\" data-widget_type=\"button.default\">\n\t\t\t\t<div class=\"elementor-widget-container\">\n\t\t\t\t\t\t\t\t\t<div class=\"elementor-button-wrapper\">\n\t\t\t\t\t<a class=\"elementor-button elementor-button-link elementor-size-sm\" href=\"https:\/\/jornaldechaves.pt\/noticia?id=8473\" target=\"_blank\">\n\t\t\t\t\t\t<span class=\"elementor-button-content-wrapper\">\n\t\t\t\t\t\t<span class=\"elementor-button-icon\">\n\t\t\t\t<svg aria-hidden=\"true\" class=\"e-font-icon-svg e-fas-book-reader\" viewBox=\"0 0 512 512\" xmlns=\"http:\/\/www.w3.org\/2000\/svg\"><path d=\"M352 96c0-53.02-42.98-96-96-96s-96 42.98-96 96 42.98 96 96 96 96-42.98 96-96zM233.59 241.1c-59.33-36.32-155.43-46.3-203.79-49.05C13.55 191.13 0 203.51 0 219.14v222.8c0 14.33 11.59 26.28 26.49 27.05 43.66 2.29 131.99 10.68 193.04 41.43 9.37 4.72 20.48-1.71 20.48-11.87V252.56c-.01-4.67-2.32-8.95-6.42-11.46zm248.61-49.05c-48.35 2.74-144.46 12.73-203.78 49.05-4.1 2.51-6.41 6.96-6.41 11.63v245.79c0 10.19 11.14 16.63 20.54 11.9 61.04-30.72 149.32-39.11 192.97-41.4 14.9-.78 26.49-12.73 26.49-27.06V219.14c-.01-15.63-13.56-28.01-29.81-27.09z\"><\/path><\/svg>\t\t\t<\/span>\n\t\t\t\t\t\t\t\t\t<span class=\"elementor-button-text\">Ver not\u00edcia do jornal<\/span>\n\t\t\t\t\t<\/span>\n\t\t\t\t\t<\/a>\n\t\t\t\t<\/div>\n\t\t\t\t\t\t\t\t<\/div>\n\t\t\t\t<\/div>\n\t\t\t\t\t<\/div>\n\t\t<\/div>\n\t\t\t\t\t<\/div>\n\t\t<\/section>\n\t\t\t\t<\/div>\n\t\t","protected":false},"excerpt":{"rendered":"<p>Apresentamos a seguir a not\u00edcia  do jornal &#8211; Bailarinas da FORMA &#8211; Est\u00fadio de Dan\u00e7a de Chaves alcan\u00e7aram 15 pr\u00e9mios com a participa\u00e7\u00e3o no European Ballet Grand Prix 2025 que decorreu em Viena, na \u00c1ustria.<\/p>\n","protected":false},"author":3,"featured_media":0,"comment_status":"closed","ping_status":"closed","sticky":false,"template":"","format":"standard","meta":{"footnotes":""},"categories":[17],"tags":[],"class_list":["post-27114","post","type-post","status-publish","format-standard","hentry","category-noticia"],"_links":{"self":[{"href":"https:\/\/aeag.pt\/portal\/wp-json\/wp\/v2\/posts\/27114","targetHints":{"allow":["GET"]}}],"collection":[{"href":"https:\/\/aeag.pt\/portal\/wp-json\/wp\/v2\/posts"}],"about":[{"href":"https:\/\/aeag.pt\/portal\/wp-json\/wp\/v2\/types\/post"}],"author":[{"embeddable":true,"href":"https:\/\/aeag.pt\/portal\/wp-json\/wp\/v2\/users\/3"}],"replies":[{"embeddable":true,"href":"https:\/\/aeag.pt\/portal\/wp-json\/wp\/v2\/comments?post=27114"}],"version-history":[{"count":40,"href":"https:\/\/aeag.pt\/portal\/wp-json\/wp\/v2\/posts\/27114\/revisions"}],"predecessor-version":[{"id":27549,"href":"https:\/\/aeag.pt\/portal\/wp-json\/wp\/v2\/posts\/27114\/revisions\/27549"}],"wp:attachment":[{"href":"https:\/\/aeag.pt\/portal\/wp-json\/wp\/v2\/media?parent=27114"}],"wp:term":[{"taxonomy":"category","embeddable":true,"href":"https:\/\/aeag.pt\/portal\/wp-json\/wp\/v2\/categories?post=27114"},{"taxonomy":"post_tag","embeddable":true,"href":"https:\/\/aeag.pt\/portal\/wp-json\/wp\/v2\/tags?post=27114"}],"curies":[{"name":"wp","href":"https:\/\/api.w.org\/{rel}","templated":true}]}}