{"id":26455,"date":"2024-12-04T19:00:36","date_gmt":"2024-12-04T18:00:36","guid":{"rendered":"https:\/\/aeag.pt\/portal\/?p=26455"},"modified":"2024-12-04T20:00:46","modified_gmt":"2024-12-04T19:00:46","slug":"caminhada-mexa-se-pela-sua-saude","status":"publish","type":"post","link":"https:\/\/aeag.pt\/portal\/caminhada-mexa-se-pela-sua-saude\/","title":{"rendered":"Caminhada para toda a comunidade educativa do AEAG"},"content":{"rendered":"\t\t<div data-elementor-type=\"wp-post\" data-elementor-id=\"26455\" class=\"elementor elementor-26455\">\n\t\t\t\t\t\t<section class=\"elementor-section elementor-top-section elementor-element elementor-element-8964f2f elementor-section-content-top elementor-section-boxed elementor-section-height-default elementor-section-height-default\" data-id=\"8964f2f\" data-element_type=\"section\" data-e-type=\"section\">\n\t\t\t\t\t\t<div class=\"elementor-container elementor-column-gap-default\">\n\t\t\t\t\t<div class=\"elementor-column elementor-col-100 elementor-top-column elementor-element elementor-element-7a6f077a\" data-id=\"7a6f077a\" data-element_type=\"column\" data-e-type=\"column\">\n\t\t\t<div class=\"elementor-widget-wrap elementor-element-populated\">\n\t\t\t\t\t\t<div class=\"elementor-element elementor-element-4a3f7af elementor-widget elementor-widget-image\" data-id=\"4a3f7af\" data-element_type=\"widget\" data-e-type=\"widget\" data-widget_type=\"image.default\">\n\t\t\t\t<div class=\"elementor-widget-container\">\n\t\t\t\t\t\t\t\t\t\t\t\t\t\t\t<img fetchpriority=\"high\" decoding=\"async\" width=\"321\" height=\"473\" src=\"https:\/\/aeag.pt\/portal\/wp-content\/uploads\/2024\/12\/Caminhada.png\" class=\"attachment-full size-full wp-image-26456\" alt=\"Caminhada... pela sua sa\u00fade\" srcset=\"https:\/\/aeag.pt\/portal\/wp-content\/uploads\/2024\/12\/Caminhada.png 321w, https:\/\/aeag.pt\/portal\/wp-content\/uploads\/2024\/12\/Caminhada-204x300.png 204w, https:\/\/aeag.pt\/portal\/wp-content\/uploads\/2024\/12\/Caminhada-305x450.png 305w\" sizes=\"(max-width: 321px) 100vw, 321px\" \/>\t\t\t\t\t\t\t\t\t\t\t\t\t\t\t<\/div>\n\t\t\t\t<\/div>\n\t\t\t\t\t<\/div>\n\t\t<\/div>\n\t\t\t\t\t<\/div>\n\t\t<\/section>\n\t\t\t\t<\/div>\n\t\t","protected":false},"excerpt":{"rendered":"<p>Vai decorrer no dia 17 de dezembro a caminhada &#8220;Mexa-se&#8230;pela sua sa\u00fade&#8221;, organizada pelo grupo COMUNIDADES\u2013 DE e Grupo de EDUCA\u00c7\u00c3O F\u00cdSICA AEAG<\/p>\n","protected":false},"author":3,"featured_media":0,"comment_status":"closed","ping_status":"closed","sticky":false,"template":"","format":"aside","meta":{"footnotes":""},"categories":[61,17],"tags":[21],"class_list":["post-26455","post","type-post","status-publish","format-aside","hentry","category-convite","category-noticia","tag-concluido","post_format-post-format-aside"],"_links":{"self":[{"href":"https:\/\/aeag.pt\/portal\/wp-json\/wp\/v2\/posts\/26455","targetHints":{"allow":["GET"]}}],"collection":[{"href":"https:\/\/aeag.pt\/portal\/wp-json\/wp\/v2\/posts"}],"about":[{"href":"https:\/\/aeag.pt\/portal\/wp-json\/wp\/v2\/types\/post"}],"author":[{"embeddable":true,"href":"https:\/\/aeag.pt\/portal\/wp-json\/wp\/v2\/users\/3"}],"replies":[{"embeddable":true,"href":"https:\/\/aeag.pt\/portal\/wp-json\/wp\/v2\/comments?post=26455"}],"version-history":[{"count":43,"href":"https:\/\/aeag.pt\/portal\/wp-json\/wp\/v2\/posts\/26455\/revisions"}],"predecessor-version":[{"id":26499,"href":"https:\/\/aeag.pt\/portal\/wp-json\/wp\/v2\/posts\/26455\/revisions\/26499"}],"wp:attachment":[{"href":"https:\/\/aeag.pt\/portal\/wp-json\/wp\/v2\/media?parent=26455"}],"wp:term":[{"taxonomy":"category","embeddable":true,"href":"https:\/\/aeag.pt\/portal\/wp-json\/wp\/v2\/categories?post=26455"},{"taxonomy":"post_tag","embeddable":true,"href":"https:\/\/aeag.pt\/portal\/wp-json\/wp\/v2\/tags?post=26455"}],"curies":[{"name":"wp","href":"https:\/\/api.w.org\/{rel}","templated":true}]}}