{"id":24836,"date":"2024-08-20T17:17:34","date_gmt":"2024-08-20T16:17:34","guid":{"rendered":"https:\/\/site.aeag.pt\/portal\/?p=24836"},"modified":"2024-11-14T22:42:06","modified_gmt":"2024-11-14T21:42:06","slug":"aviso-no-2-requerimento-de-mudanca-de-turma","status":"publish","type":"post","link":"https:\/\/aeag.pt\/portal\/aviso-no-2-requerimento-de-mudanca-de-turma\/","title":{"rendered":"Aviso n\u00ba 2 &#8211; Requerimento de Mudan\u00e7a de Turma"},"content":{"rendered":"\t\t<div data-elementor-type=\"wp-post\" data-elementor-id=\"24836\" class=\"elementor elementor-24836\">\n\t\t\t\t\t\t<section class=\"elementor-section elementor-top-section elementor-element elementor-element-6270dfa elementor-section-boxed elementor-section-height-default elementor-section-height-default\" data-id=\"6270dfa\" data-element_type=\"section\" data-e-type=\"section\">\n\t\t\t\t\t\t<div class=\"elementor-container elementor-column-gap-default\">\n\t\t\t\t\t<div class=\"elementor-column elementor-col-100 elementor-top-column elementor-element elementor-element-92bd206\" data-id=\"92bd206\" data-element_type=\"column\" data-e-type=\"column\">\n\t\t\t<div class=\"elementor-widget-wrap elementor-element-populated\">\n\t\t\t\t\t\t<div class=\"elementor-element elementor-element-6dfe3d3 elementor-widget elementor-widget-text-editor\" data-id=\"6dfe3d3\" data-element_type=\"widget\" data-e-type=\"widget\" data-widget_type=\"text-editor.default\">\n\t\t\t\t<div class=\"elementor-widget-container\">\n\t\t\t\t\t\t\t\t\t<p>Os Senhores Encarregados de Educa\u00e7\u00e3o que pretendam solicitar a mudan\u00e7a de turma<br \/>do seu educando dever\u00e3o apresentar um requerimento dirigido \u00e0 Diretora do Agrupamento,<br \/>devidamente fundamentado, impreterivelmente at\u00e9 ao dia 3 de setembro. Para tal dever\u00e3o<br \/>dirigir-se aos servi\u00e7os administrativos da Escola Sede e a\u00ed preencher o referido requerimento<br \/>(Modelo n.\u00ba1 \u2013 Servi\u00e7os Administrativos).<\/p>\t\t\t\t\t\t\t\t<\/div>\n\t\t\t\t<\/div>\n\t\t\t\t\t<\/div>\n\t\t<\/div>\n\t\t\t\t\t<\/div>\n\t\t<\/section>\n\t\t<div class=\"elementor-element elementor-element-ebd36fb e-flex e-con-boxed e-con e-parent\" data-id=\"ebd36fb\" data-element_type=\"container\" data-e-type=\"container\">\n\t\t\t\t\t<div class=\"e-con-inner\">\n\t\t\t\t<div class=\"elementor-element elementor-element-de90ba0 elementor-widget thim-widget-button\" data-id=\"de90ba0\" data-element_type=\"widget\" data-e-type=\"widget\" data-widget_type=\"thim-button.default\">\n\t\t\t\t<div class=\"elementor-widget-container\">\n\t\t\t\t\t<a class=\"widget-button small\" href=\"https:\/\/aeag.pt\/portal\/documentos\/ARTIGOS\/informacao\/2_Avisos-mudanca-turma.pdf\" target=\"_blank\"><svg aria-hidden=\"true\" class=\"e-font-icon-svg e-fas-book-reader\" viewBox=\"0 0 512 512\" xmlns=\"http:\/\/www.w3.org\/2000\/svg\"><path d=\"M352 96c0-53.02-42.98-96-96-96s-96 42.98-96 96 42.98 96 96 96 96-42.98 96-96zM233.59 241.1c-59.33-36.32-155.43-46.3-203.79-49.05C13.55 191.13 0 203.51 0 219.14v222.8c0 14.33 11.59 26.28 26.49 27.05 43.66 2.29 131.99 10.68 193.04 41.43 9.37 4.72 20.48-1.71 20.48-11.87V252.56c-.01-4.67-2.32-8.95-6.42-11.46zm248.61-49.05c-48.35 2.74-144.46 12.73-203.78 49.05-4.1 2.51-6.41 6.96-6.41 11.63v245.79c0 10.19 11.14 16.63 20.54 11.9 61.04-30.72 149.32-39.11 192.97-41.4 14.9-.78 26.49-12.73 26.49-27.06V219.14c-.01-15.63-13.56-28.01-29.81-27.09z\"><\/path><\/svg>Ler Mais<\/a>\t\t\t\t<\/div>\n\t\t\t\t<\/div>\n\t\t\t\t\t<\/div>\n\t\t\t\t<\/div>\n\t\t\t\t<\/div>\n\t\t","protected":false},"excerpt":{"rendered":"<p>Os Senhores Encarregados de Educa\u00e7\u00e3o que pretendam solicitar a mudan\u00e7a de turmado seu educando dever\u00e3o apresentar um requerimento dirigido \u00e0 Diretora do Agrupamento,devidamente fundamentado, impreterivelmente at\u00e9 ao dia 3 de setembro. Para tal dever\u00e3odirigir-se aos servi\u00e7os administrativos da Escola Sede e a\u00ed preencher o referido requerimento(Modelo n.\u00ba1 \u2013 Servi\u00e7os Administrativos). &hellip; <\/p>\n","protected":false},"author":3,"featured_media":0,"comment_status":"closed","ping_status":"closed","sticky":false,"template":"","format":"standard","meta":{"footnotes":""},"categories":[59,17],"tags":[],"class_list":["post-24836","post","type-post","status-publish","format-standard","hentry","category-informacao","category-noticia"],"_links":{"self":[{"href":"https:\/\/aeag.pt\/portal\/wp-json\/wp\/v2\/posts\/24836","targetHints":{"allow":["GET"]}}],"collection":[{"href":"https:\/\/aeag.pt\/portal\/wp-json\/wp\/v2\/posts"}],"about":[{"href":"https:\/\/aeag.pt\/portal\/wp-json\/wp\/v2\/types\/post"}],"author":[{"embeddable":true,"href":"https:\/\/aeag.pt\/portal\/wp-json\/wp\/v2\/users\/3"}],"replies":[{"embeddable":true,"href":"https:\/\/aeag.pt\/portal\/wp-json\/wp\/v2\/comments?post=24836"}],"version-history":[{"count":0,"href":"https:\/\/aeag.pt\/portal\/wp-json\/wp\/v2\/posts\/24836\/revisions"}],"wp:attachment":[{"href":"https:\/\/aeag.pt\/portal\/wp-json\/wp\/v2\/media?parent=24836"}],"wp:term":[{"taxonomy":"category","embeddable":true,"href":"https:\/\/aeag.pt\/portal\/wp-json\/wp\/v2\/categories?post=24836"},{"taxonomy":"post_tag","embeddable":true,"href":"https:\/\/aeag.pt\/portal\/wp-json\/wp\/v2\/tags?post=24836"}],"curies":[{"name":"wp","href":"https:\/\/api.w.org\/{rel}","templated":true}]}}