{"id":23374,"date":"2024-07-29T16:44:09","date_gmt":"2024-07-29T15:44:09","guid":{"rendered":"https:\/\/site.aeag.pt\/portal\/?p=23374"},"modified":"2024-11-14T22:44:20","modified_gmt":"2024-11-14T21:44:20","slug":"despacho-n-o-8368-2024-de-25-de-julho","status":"publish","type":"post","link":"https:\/\/aeag.pt\/portal\/despacho-n-o-8368-2024-de-25-de-julho\/","title":{"rendered":"Despacho n.\u00ba 8368\/2024, de\u00a0\u00a025 de julho"},"content":{"rendered":"\t\t<div data-elementor-type=\"wp-post\" data-elementor-id=\"23374\" class=\"elementor elementor-23374\">\n\t\t\t\t\t\t<section class=\"elementor-section elementor-top-section elementor-element elementor-element-9de1e7a elementor-section-boxed elementor-section-height-default elementor-section-height-default\" data-id=\"9de1e7a\" data-element_type=\"section\" data-e-type=\"section\">\n\t\t\t\t\t\t<div class=\"elementor-container elementor-column-gap-default\">\n\t\t\t\t\t<div class=\"elementor-column elementor-col-100 elementor-top-column elementor-element elementor-element-1ec2dc8\" data-id=\"1ec2dc8\" data-element_type=\"column\" data-e-type=\"column\">\n\t\t\t<div class=\"elementor-widget-wrap elementor-element-populated\">\n\t\t\t\t\t\t<div class=\"elementor-element elementor-element-7adffbf elementor-widget elementor-widget-text-editor\" data-id=\"7adffbf\" data-element_type=\"widget\" data-e-type=\"widget\" data-widget_type=\"text-editor.default\">\n\t\t\t\t<div class=\"elementor-widget-container\">\n\t\t\t\t\t\t\t\t\t<p><strong>Sum\u00e1rio:<\/strong>\u00a0 Estabelece o calend\u00e1rio escolar relativo aos anos letivos de 2024-2025 a 2027-2028 destinado aos estabelecimentos p\u00fablicos de educa\u00e7\u00e3o pr\u00e9-escolar e dos ensinos b\u00e1sico e secund\u00e1rio, bem como aos estabelecimentos particulares de ensino especial.<\/p>\t\t\t\t\t\t\t\t<\/div>\n\t\t\t\t<\/div>\n\t\t\t\t\t<\/div>\n\t\t<\/div>\n\t\t\t\t\t<\/div>\n\t\t<\/section>\n\t\t\t\t<section class=\"elementor-section elementor-top-section elementor-element elementor-element-86e9a60 elementor-section-boxed elementor-section-height-default elementor-section-height-default\" data-id=\"86e9a60\" data-element_type=\"section\" data-e-type=\"section\">\n\t\t\t\t\t\t<div class=\"elementor-container elementor-column-gap-default\">\n\t\t\t\t\t<div class=\"elementor-column elementor-col-100 elementor-top-column elementor-element elementor-element-667fcc3\" data-id=\"667fcc3\" data-element_type=\"column\" data-e-type=\"column\">\n\t\t\t<div class=\"elementor-widget-wrap elementor-element-populated\">\n\t\t\t\t\t\t<div class=\"elementor-element elementor-element-c124f64 elementor-widget elementor-widget-thim-ekits-header-info\" data-id=\"c124f64\" data-element_type=\"widget\" data-e-type=\"widget\" data-widget_type=\"thim-ekits-header-info.default\">\n\t\t\t\t<div class=\"elementor-widget-container\">\n\t\t\t\t\t\t\t<div class=\"header-info-swapper\">\n\t\t\t<ul class=\"thim-header-info\">\n\t\t\t\t\t\t\t\t\t\t<li>\n\t\t\t\t\t\t\t\t\t\t\t\t\t\t<a href=\"https:\/\/aeag.pt\/portal\/documentos\/ARTIGOS\/informacao\/Despacho-n8368-2024.pdf\" target=\"_blank\" rel=\"nofollow\">\n\t\t\t\t\t\t\t\t\t\t\t\t\t\t\t\t\t\t\t\t\t\t\t\t\t<span>\n\t\t\t\t\t\t\t\t\t<i aria-hidden=\"true\" class=\"tk tk-print\"><\/i>\t\t\t\t\t\t\t\t<\/span>\n\t\t\t\t\t\t\t\t\n\t\t\t\t\t\t\t\tLER MAIS\n\t\t\t\t\t\t\t\t\t\t\t\t\t\t\t<\/a>\n\t\t\t\t\t\t\t\t\t\t\t\t<\/li>\n\t\t\t\t\t\t\t\t\t<\/ul>\n\t\t<\/div>\n\t\t\t\t\t\t<\/div>\n\t\t\t\t<\/div>\n\t\t\t\t\t<\/div>\n\t\t<\/div>\n\t\t\t\t\t<\/div>\n\t\t<\/section>\n\t\t\t\t<\/div>\n\t\t","protected":false},"excerpt":{"rendered":"<p><b>Sum\u00e1rio<\/b>:  Estabelece o calend\u00e1rio escolar relativo aos anos letivos de 2024-2025 a 2027-2028 destinado aos estabelecimentos p\u00fablicos de educa\u00e7\u00e3o pr\u00e9-escolar e dos ensinos b\u00e1sico e secund\u00e1rio, bem como aos estabelecimentos particulares de ensino especial.<\/p>\n","protected":false},"author":1,"featured_media":0,"comment_status":"closed","ping_status":"closed","sticky":false,"template":"","format":"standard","meta":{"footnotes":""},"categories":[59],"tags":[],"class_list":["post-23374","post","type-post","status-publish","format-standard","hentry","category-informacao"],"_links":{"self":[{"href":"https:\/\/aeag.pt\/portal\/wp-json\/wp\/v2\/posts\/23374","targetHints":{"allow":["GET"]}}],"collection":[{"href":"https:\/\/aeag.pt\/portal\/wp-json\/wp\/v2\/posts"}],"about":[{"href":"https:\/\/aeag.pt\/portal\/wp-json\/wp\/v2\/types\/post"}],"author":[{"embeddable":true,"href":"https:\/\/aeag.pt\/portal\/wp-json\/wp\/v2\/users\/1"}],"replies":[{"embeddable":true,"href":"https:\/\/aeag.pt\/portal\/wp-json\/wp\/v2\/comments?post=23374"}],"version-history":[{"count":0,"href":"https:\/\/aeag.pt\/portal\/wp-json\/wp\/v2\/posts\/23374\/revisions"}],"wp:attachment":[{"href":"https:\/\/aeag.pt\/portal\/wp-json\/wp\/v2\/media?parent=23374"}],"wp:term":[{"taxonomy":"category","embeddable":true,"href":"https:\/\/aeag.pt\/portal\/wp-json\/wp\/v2\/categories?post=23374"},{"taxonomy":"post_tag","embeddable":true,"href":"https:\/\/aeag.pt\/portal\/wp-json\/wp\/v2\/tags?post=23374"}],"curies":[{"name":"wp","href":"https:\/\/api.w.org\/{rel}","templated":true}]}}